{"id":32742,"date":"2026-04-30T09:00:00","date_gmt":"2026-04-30T07:00:00","guid":{"rendered":"https:\/\/kpw.law\/?p=32742"},"modified":"2026-04-30T10:53:28","modified_gmt":"2026-04-30T08:53:28","slug":"value-added-tax-on-damages","status":"publish","type":"post","link":"https:\/\/kpw.law\/en\/value-added-tax-on-damages\/","title":{"rendered":"Value added tax on damages"},"content":{"rendered":"\n<div class=\"wp-block-group alignfull v4-pattern-hero v4-pattern-hero--post is-style-background-blend is-style-arrow has-global-padding is-layout-constrained wp-block-group-is-layout-constrained\">\n<div class=\"wp-block-cover alignfull is-light v4-pattern-hero__cover\" style=\"padding-top:var(--wp--preset--spacing--80);padding-bottom:var(--wp--preset--spacing--80);min-height:75vh;aspect-ratio:unset;\"><img data-dominant-color=\"cea26a\" data-has-transparency=\"false\" loading=\"lazy\" decoding=\"async\" width=\"1024\" height=\"585\" sizes=\"auto, 100vw\" class=\"wp-block-cover__image-background wp-image-32740 size-large not-transparent\" alt=\"Umsatzsteuer auf Schwarzh\u00f6ren, Schadensersatz, Urheberrecht, Rechtsanwalt\" src=\"https:\/\/kpw.law\/wp-content\/uploads\/Umsatzsteuer-auf-Schwarzhoeren-1024x585.jpg\" style=\"--dominant-color: #cea26a; object-position:51% 88%\" data-object-fit=\"cover\" data-object-position=\"51% 88%\" srcset=\"https:\/\/kpw.law\/wp-content\/uploads\/Umsatzsteuer-auf-Schwarzhoeren-1024x585.jpg 1024w, https:\/\/kpw.law\/wp-content\/uploads\/Umsatzsteuer-auf-Schwarzhoeren-300x171.jpg 300w, https:\/\/kpw.law\/wp-content\/uploads\/Umsatzsteuer-auf-Schwarzhoeren-768x439.jpg 768w, https:\/\/kpw.law\/wp-content\/uploads\/Umsatzsteuer-auf-Schwarzhoeren-1536x878.jpg 1536w, https:\/\/kpw.law\/wp-content\/uploads\/Umsatzsteuer-auf-Schwarzhoeren-2048x1170.jpg 2048w\" \/><span aria-hidden=\"true\" class=\"wp-block-cover__background has-base-background-color has-background-dim-0 has-background-dim\"><\/span><div class=\"wp-block-cover__inner-container has-global-padding is-layout-constrained wp-block-cover-is-layout-constrained\">\n<div style=\"height:5em\" aria-hidden=\"true\" class=\"wp-block-spacer\"><\/div>\n\n\n\n<div class=\"wp-block-group alignwide has-global-padding is-content-justification-left is-layout-constrained wp-container-core-group-is-layout-1d4b5d69 wp-block-group-is-layout-constrained\" style=\"margin-top:0;margin-bottom:var(--wp--preset--spacing--80);padding-top:var(--wp--preset--spacing--60)\">\n<div class=\"wp-block-group has-global-padding is-layout-constrained wp-container-core-group-is-layout-19e250f3 wp-block-group-is-layout-constrained\">\r\n<h1 id=\"multirow-headline-block_1735165dfebe82ce3a4d774baddf3026\" class=\"wp-block-visual4-multirow-headline\">\r\n    <div class=\"wp-block-visual4-multirow-headline\">\n\n<p class=\"has-gigantic-font-size\" style=\"margin-top:0;margin-bottom:0;margin-left:0%;padding-top:0;padding-bottom:0;font-style:normal;font-weight:1000;line-height:1;text-transform:uppercase\">Value added tax  <\/p>\n\n\n\n<p class=\"has-text-align-left has-huge-font-size\" style=\"margin-top:0;margin-right:0;margin-bottom:0;margin-left:15%;padding-top:0;padding-bottom:0;font-style:normal;font-weight:1000;line-height:1;text-transform:uppercase\">on<\/p>\n\n\n\n<p class=\"has-contrast-color has-text-color has-link-color has-gigantic-font-size wp-elements-fe8369a0bb12f7649a16d120ef1f6d1a\" style=\"margin-top:0;margin-bottom:0;margin-left:0%;padding-top:0;padding-bottom:0;font-style:normal;font-weight:1000;line-height:1;text-transform:uppercase\"><span class=\"v4-marker-highlight-background\">damages.<\/span><\/p>\n\n<\/div> \r\n<\/h1>\n\n\n<div class=\"wp-block-group has-small-font-size is-nowrap is-layout-flex wp-container-core-group-is-layout-76c96157 wp-block-group-is-layout-flex\" style=\"margin-top:var(--wp--preset--spacing--20);margin-bottom:0;padding-top:0;padding-bottom:0;font-style:italic;font-weight:300;text-transform:uppercase\"><div style=\"font-style:italic;font-weight:300;text-transform:uppercase;\" class=\"wp-block-post-date has-small-font-size\"><time datetime=\"2026-04-30T09:00:00+02:00\">30. April 2026<\/time><\/div>\n\n\n<p>from<\/p>\n\n\n<div style=\"font-style:italic;font-weight:600;\" class=\"wp-block-post-author-name\">Clemens Pfitzer<\/div><\/div>\n<\/div>\n\n\n\n<div class=\"wp-block-group alignwide has-global-padding is-content-justification-left is-layout-constrained wp-container-core-group-is-layout-c93ec0be wp-block-group-is-layout-constrained\">\n<p><strong>Imagine a hotel plays music without a license. The collecting society then demands three times the normal license fee. Does VAT also have to be paid on this amount, and if so, on everything or only on the normal license fee?  <\/strong><\/p>\n<\/div>\n<\/div>\n<\/div><\/div>\n<\/div>\n\n<h2 class=\"wp-block-heading\" id=\"h-wie-kam-es-zu-dem-rechtsstreit\"><strong>How did the legal dispute come about?<\/strong><\/h2>\n\n<p>A Romanian bed and breakfast had made music and audiovisual content available to its guests without having obtained the necessary license from Credidam, the competent Romanian collecting society. Under Romanian law, three times the normal license fee is due in such a case. Credidam demanded around EUR 845 including VAT for the period from October 2019 to December 2022 and was of the opinion that the entire penalty fee was subject to VAT. The pension defended itself and the Bucharest Court of Appeal referred the question of whether and to what extent VAT was due to the European Court of Justice.   <\/p>\n\n<h2 class=\"wp-block-heading\" id=\"h-was-hat-das-gericht-entschieden\">What did the court decide?<\/h2>\n\n<p>The EGC has ruled on this with  <a href=\"https:\/\/infocuria.curia.europa.eu\/tabs\/document\/T\/2024\/T-0643-24-00000000RP-01-P-01-3411847\/ARRET\/315470-DE-1-html\">Judgment of 11.02.2026 &#8211; Ref. T-643\/24 <\/a>  decided as follows:<\/p>\n\n<p>Firstly, owners of related rights provide a &#8220;service for consideration&#8221; within the meaning of the VAT Directive if their works are used without a license. This applies even if they cannot prevent the use and their remuneration is determined solely by national law. Secondly, not only the normal license amount, but the entire penalty remuneration, including the surcharge, is subject to VAT.  <\/p>\n\n<p>The court based its decision on the case law of the European Court of Justice on parking fees in the event of infringements and on secret electricity consumption. Accordingly, the principle of fiscal neutrality prohibits a blanket differentiation between permitted and unauthorized services. The surcharge is the direct consequence of use without a license and therefore part of the consideration for the service.  <\/p>\n\n<div class=\"wp-block-group v4-pattern-general-quote-box has-kpw-yellow-background-color has-background has-global-padding is-layout-constrained wp-block-group-is-layout-constrained\" style=\"margin-top:var(--wp--preset--spacing--60);margin-bottom:var(--wp--preset--spacing--60)\">\n<blockquote class=\"wp-block-quote is-layout-flow wp-block-quote-is-layout-flow\" style=\"padding-right:var(--wp--preset--spacing--70);padding-left:var(--wp--preset--spacing--70)\">\n<p>VAT is payable on the total remuneration due to holders of related rights for this service, including the part of this remuneration that exceeds the remuneration that the user would have had to pay for a license.<\/p>\n<\/blockquote>\n<\/div>\n\n<h2 class=\"wp-block-heading\" id=\"h-was-bedeutet-das-fur-die-bisherige-praxis-schadensersatz-und-umsatzsteuer\">What does this mean for current practice: compensation and VAT?<\/h2>\n\n<p>In Germany and large parts of Europe, it has long been the case that compensation for damages does not constitute remuneration for a service and is therefore not subject to VAT. The Federal Fiscal Court has confirmed this for German law in its established case law. The ECJ ruling does not fundamentally call this practice into question, but significantly sharpens the dividing line.  <\/p>\n\n<p>The key lies in the question of whether there is a direct connection between the payment and a specific service. The court did not see the penalty payment for unauthorized use of a work as compensation for damages in the traditional sense, but rather as consideration for the service actually used, which was merely used without prior permission. In this reading, the surcharge is not a penalty, but the price for precisely this type of unauthorized use, which was set as such by national law from the outset.  <\/p>\n\n<p>Although this distinction is old, the ruling clarifies it. Anyone who makes use of a service and pays for it subsequently is paying a fee for a service. On the other hand, anyone who does not receive a service at all but pays for damages pays compensation for which no VAT is due. The gray area is where the two elements come together.   <\/p>\n\n<h2 class=\"wp-block-heading\" id=\"h-ist-das-urteil-auf-andere-rechtsgebiete-ubertragbar\">Is the judgment transferable to other areas of law?<\/h2>\n\n<p>In doing so, the ECJ expressly relies on older ECJ rulings on parking fees for unauthorized parking and on illegally tapped electricity. The court therefore considers this principle to be generally applicable and not a special rule for copyright law. This raises new questions in several areas.  <\/p>\n\n<p>In the field of industrial property rights, for example, trademark owners often demand a license analogy for unauthorized trademark use, i.e. the amount that a proper licensee would have paid, often supplemented by a surcharge for the illegality. If this amount is to be regarded as remuneration for the actual use of the trademark, the logic of the ECJ ruling could also apply here. The situation is similar in patent law. The act of use takes place, even if it occurs without a license, and the remuneration is based on the value of this use.   <\/p>\n\n<p>It remains to be seen whether the ruling will call into question the established practice that no VAT is payable on damages. The ruling has merely set out the legal framework. Whether a specific situation falls within this framework must be examined by the respective national court. Furthermore, the ruling only applies directly to the VAT Directive and its interpretation, not automatically to national VAT law.   <\/p>\n\n<h2 class=\"wp-block-heading\">Conclusion<\/h2>\n\n<div class=\"wp-block-columns v4-pattern-text-copy-half-col is-layout-flex wp-container-core-columns-is-layout-28f84493 wp-block-columns-is-layout-flex\">\n<div class=\"wp-block-column is-layout-flow wp-block-column-is-layout-flow\">\n<p>The classic distinction between compensation for damages and payment for services loses its clarity where a service has actually been used and the payment represents its equivalent value &#8211; even if the use was unlawful.<\/p>\n\n\n\n<p>For companies and rights holders, this means that the tax character of a payment may in future have to be assessed even more carefully according to the actual economic substance of the underlying transaction.<\/p>\n<\/div>\n\n\n\n<div class=\"wp-block-column is-layout-flow wp-block-column-is-layout-flow\">\n<div style=\"height:100px\" aria-hidden=\"true\" class=\"wp-block-spacer\"><\/div>\n<\/div>\n<\/div>\n\n<div class=\"wp-block-group alignwide has-global-padding is-layout-constrained wp-block-group-is-layout-constrained\" style=\"margin-top:var(--wp--preset--spacing--80);margin-bottom:var(--wp--preset--spacing--80)\">\n<div style=\"height:50px\" aria-hidden=\"true\" class=\"wp-block-spacer\"><\/div>\n\n\n\n<div class=\"wp-block-group alignwide v4-pattern-cta-box has-secondary-background-color has-background has-global-padding is-layout-constrained wp-container-core-group-is-layout-a7c0d175 wp-block-group-is-layout-constrained\" style=\"padding-top:0;padding-right:0;padding-bottom:0\">\n<div class=\"wp-block-columns alignwide are-vertically-aligned-top v4-pattern-cta-box__columns is-layout-flex wp-container-core-columns-is-layout-ec2e7a44 wp-block-columns-is-layout-flex\" style=\"padding-top:0;padding-bottom:0\">\n<div class=\"wp-block-column is-vertically-aligned-top v4-pattern-cta-box__columns-column is-layout-flow wp-container-core-column-is-layout-bce6ca70 wp-block-column-is-layout-flow\" style=\"padding-top:var(--wp--preset--spacing--50);padding-bottom:0;flex-basis:60%\">\n<div class=\"wp-block-group alignwide has-global-padding is-content-justification-right is-layout-constrained wp-container-core-group-is-layout-5c12a1d1 wp-block-group-is-layout-constrained\">\r\n<div id=\"multirow-headline-block_130da08d609f1c1517dde144471cd543\" class=\"wp-block-visual4-multirow-headline alignwide\">\r\n    <div class=\"wp-block-visual4-multirow-headline\">\n\n<p class=\"has-text-align-left has-huge-font-size\" style=\"margin-top:0;margin-bottom:0;margin-left:0%;padding-top:0;padding-bottom:0;font-style:normal;font-weight:1000;line-height:1;text-transform:uppercase\">We are happy to<\/p>\n\n\n\n<p class=\"has-text-align-left has-x-large-font-size\" style=\"margin-top:0;margin-right:0;margin-bottom:0;margin-left:8%;padding-top:0;padding-bottom:0;font-style:normal;font-weight:1000;line-height:0.9;text-transform:uppercase\">advise you about<\/p>\n\n\n\n<p class=\"has-text-align-left has-huge-font-size\" style=\"margin-top:0;margin-right:0;margin-bottom:0;margin-left:0%;padding-top:0;padding-bottom:0;font-style:normal;font-weight:1000;line-height:0.9;text-transform:uppercase\">Copyright!<\/p>\n\n<\/div> \r\n<\/div><\/div>\n\n\n\n<div class=\"wp-block-group is-nowrap is-layout-flex wp-container-core-group-is-layout-5c3c14bb wp-block-group-is-layout-flex\" style=\"margin-top:var(--wp--preset--spacing--30);margin-bottom:var(--wp--preset--spacing--30)\">\r\n\r\n<div class=\"wp-block-visual4-contact-modal__button\">\r\n            \r\n        <div class=\"wp-block-buttons is-layout-flex wp-block-buttons-is-layout-flex\">\r\n            \r\n\r\n<div class=\"wp-block-button v4-contact-modal-button is-style-fill\" style=\"font-style:normal;font-weight:600\" data-form-id=\"8\"><a class=\"wp-block-button__link has-contrast-color has-base-background-color has-text-color has-background has-link-color wp-element-button\">Contact form<\/a><\/div>\r\n\r\n        <\/div>\r\n        \r\n    <\/div>\n\n\n<div class=\"wp-block-buttons is-style-mobile-only is-content-justification-left is-layout-flex wp-container-core-buttons-is-layout-fc4fd283 wp-block-buttons-is-layout-flex\">\n<div class=\"wp-block-button is-style-arrow is-style-fill\"><a class=\"wp-block-button__link has-base-background-color has-background wp-element-button\" href=\"tel:4971141019030\" style=\"padding-right:var(--wp--preset--spacing--50);padding-left:var(--wp--preset--spacing--50);font-style:normal;font-weight:600\">Call now!<\/a><\/div>\n<\/div>\n<\/div>\n<\/div>\n\n\n\n<div class=\"wp-block-column is-vertically-aligned-top v4-pattern-cta-box__columns-column v4-pattern-cta-box__columns-column--image is-layout-flow wp-block-column-is-layout-flow\" style=\"flex-basis:40%\">\n<figure class=\"wp-block-image size-full v4-pattern-cta-box__columns-column__image\"><img decoding=\"async\" src=\"https:\/\/kpw.law\/wp-content\/themes\/kpw-law\/assets\/samples\/person-cropped.png\" alt=\"\" class=\"wp-image-23155\"\/><\/figure>\n<\/div>\n<\/div>\n<\/div>\n<\/div>\n","protected":false},"excerpt":{"rendered":"<p>Anyone who plays copyrighted music without a license owes VAT on the entire penalty fee &#8211; including the surcharge.<\/p>\n","protected":false},"author":2,"featured_media":0,"comment_status":"closed","ping_status":"closed","sticky":false,"template":"","format":"standard","meta":{"_acf_changed":false,"inline_featured_image":false,"footnotes":""},"categories":[4904],"tags":[5140,6070,6415],"thema":[],"rechtsgebiet":[4923,4898],"produkt":[],"class_list":["post-32742","post","type-post","status-publish","format-standard","hentry","category-general","tag-compensation-for-damages","tag-damage-calculation","tag-value-added-tax","rechtsgebiet-copyright","rechtsgebiet-markenrecht-en"],"acf":[],"yoast_head":"<!-- This site is optimized with the Yoast SEO Premium plugin v27.3 (Yoast SEO v27.3) - https:\/\/yoast.com\/product\/yoast-seo-premium-wordpress\/ -->\n<title>Value added tax from damages due to black hearing<\/title>\n<meta name=\"description\" content=\"Anyone who plays copyrighted music without a license owes VAT on the entire penalty fee - including the surcharge.\" \/>\n<meta name=\"robots\" content=\"index, follow, max-snippet:-1, max-image-preview:large, max-video-preview:-1\" \/>\n<link rel=\"canonical\" href=\"https:\/\/kpw.law\/en\/value-added-tax-on-damages\/\" \/>\n<meta property=\"og:locale\" content=\"en_US\" \/>\n<meta property=\"og:type\" content=\"article\" \/>\n<meta property=\"og:title\" content=\"Value added tax on damages\" \/>\n<meta property=\"og:description\" content=\"Anyone who plays copyrighted music without a license owes VAT on the entire penalty fee - including the surcharge.\" \/>\n<meta property=\"og:url\" content=\"https:\/\/kpw.law\/en\/value-added-tax-on-damages\/\" \/>\n<meta property=\"og:site_name\" content=\"KPW Rechtsanw\u00e4lte und Fachanw\u00e4lte\" \/>\n<meta property=\"article:published_time\" content=\"2026-04-30T07:00:00+00:00\" \/>\n<meta property=\"article:modified_time\" content=\"2026-04-30T08:53:28+00:00\" \/>\n<meta property=\"og:image\" content=\"https:\/\/kpw.law\/wp-content\/uploads\/Branchen-scaled.avif\" \/>\n\t<meta property=\"og:image:width\" content=\"2560\" \/>\n\t<meta property=\"og:image:height\" content=\"1440\" \/>\n\t<meta property=\"og:image:type\" content=\"image\/jpeg\" \/>\n<meta name=\"author\" content=\"Clemens Pfitzer\" \/>\n<meta name=\"twitter:card\" content=\"summary_large_image\" \/>\n<meta name=\"twitter:creator\" content=\"@clemenspfitzer\" \/>\n<meta name=\"twitter:label1\" content=\"Written by\" \/>\n\t<meta name=\"twitter:data1\" content=\"Clemens Pfitzer\" \/>\n\t<meta name=\"twitter:label2\" content=\"Est. reading time\" \/>\n\t<meta name=\"twitter:data2\" content=\"4 minutes\" \/>\n<script type=\"application\/ld+json\" class=\"yoast-schema-graph\">{\"@context\":\"https:\\\/\\\/schema.org\",\"@graph\":[{\"@type\":[\"Article\",\"BlogPosting\"],\"@id\":\"https:\\\/\\\/kpw.law\\\/en\\\/value-added-tax-on-damages\\\/#article\",\"isPartOf\":{\"@id\":\"https:\\\/\\\/kpw.law\\\/en\\\/value-added-tax-on-damages\\\/\"},\"author\":{\"name\":\"Clemens Pfitzer\",\"@id\":\"https:\\\/\\\/kpw.law\\\/en\\\/#\\\/schema\\\/person\\\/bb7a5be61de17c2c027e254e249214bd\"},\"headline\":\"Value added tax on damages\",\"datePublished\":\"2026-04-30T07:00:00+00:00\",\"dateModified\":\"2026-04-30T08:53:28+00:00\",\"mainEntityOfPage\":{\"@id\":\"https:\\\/\\\/kpw.law\\\/en\\\/value-added-tax-on-damages\\\/\"},\"wordCount\":861,\"publisher\":{\"@id\":\"https:\\\/\\\/kpw.law\\\/en\\\/#organization\"},\"image\":{\"@id\":\"https:\\\/\\\/kpw.law\\\/en\\\/value-added-tax-on-damages\\\/#primaryimage\"},\"thumbnailUrl\":\"https:\\\/\\\/kpw.law\\\/wp-content\\\/uploads\\\/Umsatzsteuer-auf-Schwarzhoeren-1024x585.jpg\",\"keywords\":[\"Compensation for damages\",\"Damage calculation\",\"Value added tax\"],\"articleSection\":[\"General\"],\"inLanguage\":\"en-US\"},{\"@type\":\"WebPage\",\"@id\":\"https:\\\/\\\/kpw.law\\\/en\\\/value-added-tax-on-damages\\\/\",\"url\":\"https:\\\/\\\/kpw.law\\\/en\\\/value-added-tax-on-damages\\\/\",\"name\":\"Value added tax from damages due to black hearing\",\"isPartOf\":{\"@id\":\"https:\\\/\\\/kpw.law\\\/en\\\/#website\"},\"primaryImageOfPage\":{\"@id\":\"https:\\\/\\\/kpw.law\\\/en\\\/value-added-tax-on-damages\\\/#primaryimage\"},\"image\":{\"@id\":\"https:\\\/\\\/kpw.law\\\/en\\\/value-added-tax-on-damages\\\/#primaryimage\"},\"thumbnailUrl\":\"https:\\\/\\\/kpw.law\\\/wp-content\\\/uploads\\\/Umsatzsteuer-auf-Schwarzhoeren-1024x585.jpg\",\"datePublished\":\"2026-04-30T07:00:00+00:00\",\"dateModified\":\"2026-04-30T08:53:28+00:00\",\"description\":\"Anyone who plays copyrighted music without a license owes VAT on the entire penalty fee - including the surcharge.\",\"breadcrumb\":{\"@id\":\"https:\\\/\\\/kpw.law\\\/en\\\/value-added-tax-on-damages\\\/#breadcrumb\"},\"inLanguage\":\"en-US\",\"potentialAction\":[{\"@type\":\"ReadAction\",\"target\":[\"https:\\\/\\\/kpw.law\\\/en\\\/value-added-tax-on-damages\\\/\"]}]},{\"@type\":\"ImageObject\",\"inLanguage\":\"en-US\",\"@id\":\"https:\\\/\\\/kpw.law\\\/en\\\/value-added-tax-on-damages\\\/#primaryimage\",\"url\":\"https:\\\/\\\/kpw.law\\\/wp-content\\\/uploads\\\/Umsatzsteuer-auf-Schwarzhoeren-1024x585.jpg\",\"contentUrl\":\"https:\\\/\\\/kpw.law\\\/wp-content\\\/uploads\\\/Umsatzsteuer-auf-Schwarzhoeren-1024x585.jpg\"},{\"@type\":\"BreadcrumbList\",\"@id\":\"https:\\\/\\\/kpw.law\\\/en\\\/value-added-tax-on-damages\\\/#breadcrumb\",\"itemListElement\":[{\"@type\":\"ListItem\",\"position\":1,\"name\":\"Startseite\",\"item\":\"https:\\\/\\\/kpw.law\\\/en\\\/\"},{\"@type\":\"ListItem\",\"position\":2,\"name\":\"Value added tax on damages\"}]},{\"@type\":\"WebSite\",\"@id\":\"https:\\\/\\\/kpw.law\\\/en\\\/#website\",\"url\":\"https:\\\/\\\/kpw.law\\\/en\\\/\",\"name\":\"KPW PartmbB \u2013 Rechtsanw\u00e4lte und Fachanw\u00e4lte\",\"description\":\"Rechtsanw\u00e4lte f\u00fcr IP- und IT-Recht\",\"publisher\":{\"@id\":\"https:\\\/\\\/kpw.law\\\/en\\\/#organization\"},\"alternateName\":\"kpw.law\",\"potentialAction\":[{\"@type\":\"SearchAction\",\"target\":{\"@type\":\"EntryPoint\",\"urlTemplate\":\"https:\\\/\\\/kpw.law\\\/en\\\/?s={search_term_string}\"},\"query-input\":{\"@type\":\"PropertyValueSpecification\",\"valueRequired\":true,\"valueName\":\"search_term_string\"}}],\"inLanguage\":\"en-US\"},{\"@type\":\"Organization\",\"@id\":\"https:\\\/\\\/kpw.law\\\/en\\\/#organization\",\"name\":\"KPW PartmbB\",\"alternateName\":\"KPW\",\"url\":\"https:\\\/\\\/kpw.law\\\/en\\\/\",\"logo\":{\"@type\":\"ImageObject\",\"inLanguage\":\"en-US\",\"@id\":\"https:\\\/\\\/kpw.law\\\/en\\\/#\\\/schema\\\/logo\\\/image\\\/\",\"url\":\"https:\\\/\\\/kpw.law\\\/wp-content\\\/uploads\\\/KPW400x400.jpg\",\"contentUrl\":\"https:\\\/\\\/kpw.law\\\/wp-content\\\/uploads\\\/KPW400x400.jpg\",\"width\":400,\"height\":400,\"caption\":\"KPW PartmbB\"},\"image\":{\"@id\":\"https:\\\/\\\/kpw.law\\\/en\\\/#\\\/schema\\\/logo\\\/image\\\/\"},\"sameAs\":[\"https:\\\/\\\/www.linkedin.com\\\/company\\\/kpw\"],\"description\":\"KPW ist eine auf IP und IT-Recht spezialisierte Kanzlei mit Rechts- und Fachanw\u00e4lten in Stuttgart. KPW ber\u00e4t Unternehmen in den Bereichen Wettbewerbsrecht, Markenrecht, Designrecht, Urheberrecht, IT-Recht, Patentrecht, Datenschutzrecht, E-Commerce und Know-How-Schutz.\",\"email\":\"info@kpw.law\",\"telephone\":\"+4971141019030\",\"legalName\":\"KPW PartmbB\",\"foundingDate\":\"2010-04-01\",\"vatID\":\"DE270757792\",\"duns\":\"341580247\",\"numberOfEmployees\":{\"@type\":\"QuantitativeValue\",\"minValue\":\"1\",\"maxValue\":\"10\"}},{\"@type\":\"Person\",\"@id\":\"https:\\\/\\\/kpw.law\\\/en\\\/#\\\/schema\\\/person\\\/bb7a5be61de17c2c027e254e249214bd\",\"name\":\"Clemens Pfitzer\",\"image\":{\"@type\":\"ImageObject\",\"inLanguage\":\"en-US\",\"@id\":\"https:\\\/\\\/secure.gravatar.com\\\/avatar\\\/dc1ba1c2897d08484345b3e1c9524bf03ed6b3ef6bf06ef8b3f8811c1fb6c38e?s=96&d=mm&r=g\",\"url\":\"https:\\\/\\\/secure.gravatar.com\\\/avatar\\\/dc1ba1c2897d08484345b3e1c9524bf03ed6b3ef6bf06ef8b3f8811c1fb6c38e?s=96&d=mm&r=g\",\"contentUrl\":\"https:\\\/\\\/secure.gravatar.com\\\/avatar\\\/dc1ba1c2897d08484345b3e1c9524bf03ed6b3ef6bf06ef8b3f8811c1fb6c38e?s=96&d=mm&r=g\",\"caption\":\"Clemens Pfitzer\"},\"description\":\"Rechtsanwalt, Fachanwalt f\u00fcr gewerblichen Rechtsschutz und Fachanwalt f\u00fcr IT-Recht, t\u00e4tig in den Bereichen Markenrecht, Wettbewerbsrecht, Urheberrecht, Designrecht, Know-How-Schutz, Patentrecht, IT-Recht, E-Commerce, Datenschutz\",\"sameAs\":[\"https:\\\/\\\/kpw.law\",\"https:\\\/\\\/www.linkedin.com\\\/in\\\/pfitzer\\\/\",\"https:\\\/\\\/x.com\\\/clemenspfitzer\"],\"gender\":\"m\u00e4nnlich\",\"knowsAbout\":[\"Markenrecht\",\"Wettbewerbsrecht\",\"Designrecht\",\"Urheberrecht\",\"E-Commerce\",\"Datenschutzrecht\",\"Patentrecht\",\"IT-Recht\",\"Softwarelizenzen\",\"Gesch\u00e4ftsgeheimnisse\"],\"knowsLanguage\":[\"Englisch\",\"Deutsch\"],\"jobTitle\":\"Rechtsanwalt, Fachanwalt f\u00fcr gewerblichen Rechtsschutz, Fachanwalt f\u00fcr IT-Recht\",\"worksFor\":\"KPW PartmbB\"}]}<\/script>\n<!-- \/ Yoast SEO Premium plugin. -->","yoast_head_json":{"title":"Value added tax from damages due to black hearing","description":"Anyone who plays copyrighted music without a license owes VAT on the entire penalty fee - including the surcharge.","robots":{"index":"index","follow":"follow","max-snippet":"max-snippet:-1","max-image-preview":"max-image-preview:large","max-video-preview":"max-video-preview:-1"},"canonical":"https:\/\/kpw.law\/en\/value-added-tax-on-damages\/","og_locale":"en_US","og_type":"article","og_title":"Value added tax on damages","og_description":"Anyone who plays copyrighted music without a license owes VAT on the entire penalty fee - including the surcharge.","og_url":"https:\/\/kpw.law\/en\/value-added-tax-on-damages\/","og_site_name":"KPW Rechtsanw\u00e4lte und Fachanw\u00e4lte","article_published_time":"2026-04-30T07:00:00+00:00","article_modified_time":"2026-04-30T08:53:28+00:00","og_image":[{"width":2560,"height":1440,"url":"https:\/\/kpw.law\/wp-content\/uploads\/Branchen-scaled.avif","type":"image\/jpeg"}],"author":"Clemens Pfitzer","twitter_card":"summary_large_image","twitter_creator":"@clemenspfitzer","twitter_misc":{"Written by":"Clemens Pfitzer","Est. reading time":"4 minutes"},"schema":{"@context":"https:\/\/schema.org","@graph":[{"@type":["Article","BlogPosting"],"@id":"https:\/\/kpw.law\/en\/value-added-tax-on-damages\/#article","isPartOf":{"@id":"https:\/\/kpw.law\/en\/value-added-tax-on-damages\/"},"author":{"name":"Clemens Pfitzer","@id":"https:\/\/kpw.law\/en\/#\/schema\/person\/bb7a5be61de17c2c027e254e249214bd"},"headline":"Value added tax on damages","datePublished":"2026-04-30T07:00:00+00:00","dateModified":"2026-04-30T08:53:28+00:00","mainEntityOfPage":{"@id":"https:\/\/kpw.law\/en\/value-added-tax-on-damages\/"},"wordCount":861,"publisher":{"@id":"https:\/\/kpw.law\/en\/#organization"},"image":{"@id":"https:\/\/kpw.law\/en\/value-added-tax-on-damages\/#primaryimage"},"thumbnailUrl":"https:\/\/kpw.law\/wp-content\/uploads\/Umsatzsteuer-auf-Schwarzhoeren-1024x585.jpg","keywords":["Compensation for damages","Damage calculation","Value added tax"],"articleSection":["General"],"inLanguage":"en-US"},{"@type":"WebPage","@id":"https:\/\/kpw.law\/en\/value-added-tax-on-damages\/","url":"https:\/\/kpw.law\/en\/value-added-tax-on-damages\/","name":"Value added tax from damages due to black hearing","isPartOf":{"@id":"https:\/\/kpw.law\/en\/#website"},"primaryImageOfPage":{"@id":"https:\/\/kpw.law\/en\/value-added-tax-on-damages\/#primaryimage"},"image":{"@id":"https:\/\/kpw.law\/en\/value-added-tax-on-damages\/#primaryimage"},"thumbnailUrl":"https:\/\/kpw.law\/wp-content\/uploads\/Umsatzsteuer-auf-Schwarzhoeren-1024x585.jpg","datePublished":"2026-04-30T07:00:00+00:00","dateModified":"2026-04-30T08:53:28+00:00","description":"Anyone who plays copyrighted music without a license owes VAT on the entire penalty fee - including the surcharge.","breadcrumb":{"@id":"https:\/\/kpw.law\/en\/value-added-tax-on-damages\/#breadcrumb"},"inLanguage":"en-US","potentialAction":[{"@type":"ReadAction","target":["https:\/\/kpw.law\/en\/value-added-tax-on-damages\/"]}]},{"@type":"ImageObject","inLanguage":"en-US","@id":"https:\/\/kpw.law\/en\/value-added-tax-on-damages\/#primaryimage","url":"https:\/\/kpw.law\/wp-content\/uploads\/Umsatzsteuer-auf-Schwarzhoeren-1024x585.jpg","contentUrl":"https:\/\/kpw.law\/wp-content\/uploads\/Umsatzsteuer-auf-Schwarzhoeren-1024x585.jpg"},{"@type":"BreadcrumbList","@id":"https:\/\/kpw.law\/en\/value-added-tax-on-damages\/#breadcrumb","itemListElement":[{"@type":"ListItem","position":1,"name":"Startseite","item":"https:\/\/kpw.law\/en\/"},{"@type":"ListItem","position":2,"name":"Value added tax on damages"}]},{"@type":"WebSite","@id":"https:\/\/kpw.law\/en\/#website","url":"https:\/\/kpw.law\/en\/","name":"KPW PartmbB \u2013 Rechtsanw\u00e4lte und Fachanw\u00e4lte","description":"Rechtsanw\u00e4lte f\u00fcr IP- und IT-Recht","publisher":{"@id":"https:\/\/kpw.law\/en\/#organization"},"alternateName":"kpw.law","potentialAction":[{"@type":"SearchAction","target":{"@type":"EntryPoint","urlTemplate":"https:\/\/kpw.law\/en\/?s={search_term_string}"},"query-input":{"@type":"PropertyValueSpecification","valueRequired":true,"valueName":"search_term_string"}}],"inLanguage":"en-US"},{"@type":"Organization","@id":"https:\/\/kpw.law\/en\/#organization","name":"KPW PartmbB","alternateName":"KPW","url":"https:\/\/kpw.law\/en\/","logo":{"@type":"ImageObject","inLanguage":"en-US","@id":"https:\/\/kpw.law\/en\/#\/schema\/logo\/image\/","url":"https:\/\/kpw.law\/wp-content\/uploads\/KPW400x400.jpg","contentUrl":"https:\/\/kpw.law\/wp-content\/uploads\/KPW400x400.jpg","width":400,"height":400,"caption":"KPW PartmbB"},"image":{"@id":"https:\/\/kpw.law\/en\/#\/schema\/logo\/image\/"},"sameAs":["https:\/\/www.linkedin.com\/company\/kpw"],"description":"KPW ist eine auf IP und IT-Recht spezialisierte Kanzlei mit Rechts- und Fachanw\u00e4lten in Stuttgart. KPW ber\u00e4t Unternehmen in den Bereichen Wettbewerbsrecht, Markenrecht, Designrecht, Urheberrecht, IT-Recht, Patentrecht, Datenschutzrecht, E-Commerce und Know-How-Schutz.","email":"info@kpw.law","telephone":"+4971141019030","legalName":"KPW PartmbB","foundingDate":"2010-04-01","vatID":"DE270757792","duns":"341580247","numberOfEmployees":{"@type":"QuantitativeValue","minValue":"1","maxValue":"10"}},{"@type":"Person","@id":"https:\/\/kpw.law\/en\/#\/schema\/person\/bb7a5be61de17c2c027e254e249214bd","name":"Clemens Pfitzer","image":{"@type":"ImageObject","inLanguage":"en-US","@id":"https:\/\/secure.gravatar.com\/avatar\/dc1ba1c2897d08484345b3e1c9524bf03ed6b3ef6bf06ef8b3f8811c1fb6c38e?s=96&d=mm&r=g","url":"https:\/\/secure.gravatar.com\/avatar\/dc1ba1c2897d08484345b3e1c9524bf03ed6b3ef6bf06ef8b3f8811c1fb6c38e?s=96&d=mm&r=g","contentUrl":"https:\/\/secure.gravatar.com\/avatar\/dc1ba1c2897d08484345b3e1c9524bf03ed6b3ef6bf06ef8b3f8811c1fb6c38e?s=96&d=mm&r=g","caption":"Clemens Pfitzer"},"description":"Rechtsanwalt, Fachanwalt f\u00fcr gewerblichen Rechtsschutz und Fachanwalt f\u00fcr IT-Recht, t\u00e4tig in den Bereichen Markenrecht, Wettbewerbsrecht, Urheberrecht, Designrecht, Know-How-Schutz, Patentrecht, IT-Recht, E-Commerce, Datenschutz","sameAs":["https:\/\/kpw.law","https:\/\/www.linkedin.com\/in\/pfitzer\/","https:\/\/x.com\/clemenspfitzer"],"gender":"m\u00e4nnlich","knowsAbout":["Markenrecht","Wettbewerbsrecht","Designrecht","Urheberrecht","E-Commerce","Datenschutzrecht","Patentrecht","IT-Recht","Softwarelizenzen","Gesch\u00e4ftsgeheimnisse"],"knowsLanguage":["Englisch","Deutsch"],"jobTitle":"Rechtsanwalt, Fachanwalt f\u00fcr gewerblichen Rechtsschutz, Fachanwalt f\u00fcr IT-Recht","worksFor":"KPW PartmbB"}]}},"_links":{"self":[{"href":"https:\/\/kpw.law\/en\/wp-json\/wp\/v2\/posts\/32742","targetHints":{"allow":["GET"]}}],"collection":[{"href":"https:\/\/kpw.law\/en\/wp-json\/wp\/v2\/posts"}],"about":[{"href":"https:\/\/kpw.law\/en\/wp-json\/wp\/v2\/types\/post"}],"author":[{"embeddable":true,"href":"https:\/\/kpw.law\/en\/wp-json\/wp\/v2\/users\/2"}],"replies":[{"embeddable":true,"href":"https:\/\/kpw.law\/en\/wp-json\/wp\/v2\/comments?post=32742"}],"version-history":[{"count":2,"href":"https:\/\/kpw.law\/en\/wp-json\/wp\/v2\/posts\/32742\/revisions"}],"predecessor-version":[{"id":32745,"href":"https:\/\/kpw.law\/en\/wp-json\/wp\/v2\/posts\/32742\/revisions\/32745"}],"wp:attachment":[{"href":"https:\/\/kpw.law\/en\/wp-json\/wp\/v2\/media?parent=32742"}],"wp:term":[{"taxonomy":"category","embeddable":true,"href":"https:\/\/kpw.law\/en\/wp-json\/wp\/v2\/categories?post=32742"},{"taxonomy":"post_tag","embeddable":true,"href":"https:\/\/kpw.law\/en\/wp-json\/wp\/v2\/tags?post=32742"},{"taxonomy":"thema","embeddable":true,"href":"https:\/\/kpw.law\/en\/wp-json\/wp\/v2\/thema?post=32742"},{"taxonomy":"rechtsgebiet","embeddable":true,"href":"https:\/\/kpw.law\/en\/wp-json\/wp\/v2\/rechtsgebiet?post=32742"},{"taxonomy":"produkt","embeddable":true,"href":"https:\/\/kpw.law\/en\/wp-json\/wp\/v2\/produkt?post=32742"}],"curies":[{"name":"wp","href":"https:\/\/api.w.org\/{rel}","templated":true}]}}