{"id":32682,"date":"2026-04-28T09:00:00","date_gmt":"2026-04-28T07:00:00","guid":{"rendered":"https:\/\/kpw.law\/?p=32682"},"modified":"2026-04-28T15:47:50","modified_gmt":"2026-04-28T13:47:50","slug":"private-address-removed-from-the-register","status":"publish","type":"post","link":"https:\/\/kpw.law\/en\/private-address-removed-from-the-register\/","title":{"rendered":"Private address removed from the register"},"content":{"rendered":"\n<div class=\"wp-block-group alignfull v4-pattern-hero v4-pattern-hero--post is-style-background-blend is-style-arrow has-global-padding is-layout-constrained wp-block-group-is-layout-constrained\">\n<div class=\"wp-block-cover alignfull v4-pattern-hero__cover\" style=\"padding-top:var(--wp--preset--spacing--80);padding-bottom:var(--wp--preset--spacing--80);min-height:75vh;aspect-ratio:unset;\"><img data-dominant-color=\"7d6190\" data-has-transparency=\"false\" loading=\"lazy\" decoding=\"async\" width=\"1024\" height=\"585\" sizes=\"auto, 100vw\" class=\"wp-block-cover__image-background wp-image-32679 size-large not-transparent\" alt=\"Privatadresse raus aus dem Register, L\u00f6schungsanspruch, Handelsregister, Datenschutz, Datenschutzrecht, Gesch\u00e4ftsf\u00fchrer, Wohnadresse, Rechtsanwalt\" src=\"https:\/\/kpw.law\/wp-content\/uploads\/Privatadresse-raus-aus-dem-Register-1024x585.jpg\" style=\"--dominant-color: #7d6190; object-position:16% 100%\" data-object-fit=\"cover\" data-object-position=\"16% 100%\" srcset=\"https:\/\/kpw.law\/wp-content\/uploads\/Privatadresse-raus-aus-dem-Register-1024x585.jpg 1024w, https:\/\/kpw.law\/wp-content\/uploads\/Privatadresse-raus-aus-dem-Register-300x171.jpg 300w, https:\/\/kpw.law\/wp-content\/uploads\/Privatadresse-raus-aus-dem-Register-768x439.jpg 768w, https:\/\/kpw.law\/wp-content\/uploads\/Privatadresse-raus-aus-dem-Register-1536x878.jpg 1536w, https:\/\/kpw.law\/wp-content\/uploads\/Privatadresse-raus-aus-dem-Register-2048x1170.jpg 2048w\" \/><span aria-hidden=\"true\" class=\"wp-block-cover__background has-base-background-color has-background-dim-0 has-background-dim\"><\/span><div class=\"wp-block-cover__inner-container has-global-padding is-layout-constrained wp-block-cover-is-layout-constrained\">\n<div style=\"height:5em\" aria-hidden=\"true\" class=\"wp-block-spacer\"><\/div>\n\n\n\n<div class=\"wp-block-group alignwide has-global-padding is-content-justification-left is-layout-constrained wp-container-core-group-is-layout-1d4b5d69 wp-block-group-is-layout-constrained\" style=\"margin-top:0;margin-bottom:var(--wp--preset--spacing--80);padding-top:var(--wp--preset--spacing--60)\">\n<div class=\"wp-block-group has-global-padding is-layout-constrained wp-container-core-group-is-layout-19e250f3 wp-block-group-is-layout-constrained\">\r\n<h1 id=\"multirow-headline-block_5cda40b9689e78dd914e957eec1f9dbd\" class=\"wp-block-visual4-multirow-headline\">\r\n    <div class=\"wp-block-visual4-multirow-headline\">\n\n<p class=\"has-gigantic-font-size\" style=\"margin-top:0;margin-bottom:0;margin-left:0%;padding-top:0;padding-bottom:0;font-style:normal;font-weight:1000;line-height:1;text-transform:uppercase\">Private address  <\/p>\n\n\n\n<p class=\"has-text-align-left has-huge-font-size\" style=\"margin-top:0;margin-right:0;margin-bottom:0;margin-left:15%;padding-top:0;padding-bottom:0;font-style:normal;font-weight:1000;line-height:1;text-transform:uppercase\">removed from the<\/p>\n\n\n\n<p class=\"has-contrast-color has-text-color has-link-color has-gigantic-font-size wp-elements-5590be4a153dd7bf2ec8732b0342f4c1\" style=\"margin-top:0;margin-bottom:0;margin-left:0%;padding-top:0;padding-bottom:0;font-style:normal;font-weight:1000;line-height:1;text-transform:uppercase\"><span class=\"v4-marker-highlight-background\">Register<\/span><span class=\"v4-marker-highlight-background\">.<\/span><\/p>\n\n<\/div> \r\n<\/h1>\n\n\n<div class=\"wp-block-group has-small-font-size is-nowrap is-layout-flex wp-container-core-group-is-layout-76c96157 wp-block-group-is-layout-flex\" style=\"margin-top:var(--wp--preset--spacing--20);margin-bottom:0;padding-top:0;padding-bottom:0;font-style:italic;font-weight:300;text-transform:uppercase\"><div style=\"font-style:italic;font-weight:300;text-transform:uppercase;\" class=\"wp-block-post-date has-small-font-size\"><time datetime=\"2026-04-28T09:00:00+02:00\">28. April 2026<\/time><\/div>\n\n\n<p>from<\/p>\n\n\n<div style=\"font-style:italic;font-weight:600;\" class=\"wp-block-post-author-name\">Clemens Pfitzer<\/div><\/div>\n<\/div>\n\n\n\n<div class=\"wp-block-group alignwide has-global-padding is-content-justification-left is-layout-constrained wp-container-core-group-is-layout-c93ec0be wp-block-group-is-layout-constrained\">\n<p><strong>Anyone who founds a GmbH or acts as a managing director regularly submits documents to the commercial register court. These documents not only end up in the register files, but can also be accessed by anyone free of charge and without registration via the joint register portal of the federal states. But what if they also contain the private residential address and personal signature? Do managing directors have the law to have this data deleted? And what happens if the same data also appears in the registers of other companies?    <\/strong><\/p>\n<\/div>\n<\/div>\n<\/div><\/div>\n<\/div>\n\n<h2 class=\"wp-block-heading\" id=\"h-worum-ging-es-in-dem-fall\"><strong>What was the case about?<\/strong><\/h2>\n\n<p>Two managing directors of a GmbH &amp; Co. KG had submitted applications to the commercial register in 2021. In addition to the necessary company details, the documents also contained their private residential addresses and their handwritten signatures. As the commercial register has been accessible online free of charge for everyone since July 2021, this data has been freely available since then.  <\/p>\n\n<p>The two managing directors then applied to the Hamburg registry court to replace the original documents with corrected versions. The new documents were to contain the business address of the respective company instead of the private address and a simple &#8220;gez.&#8221; note with a typewritten name instead of the signature. They argued that criminals were retrieving register entries on a large scale in order to create profiles of natural persons from the collected data.<\/p>\n\n<p>Both the registry court and the Hanseatic Higher Regional Court rejected the application. The lower court justified its decision by stating that the private addresses and signatures of the applicants could still be found in the register files of other companies anyway. There was therefore no legitimate interest in the exchange.  <\/p>\n\n<h2 class=\"wp-block-heading\" id=\"h-was-hat-der-bgh-entschieden\">What did the Federal Court of Justice decide?<\/h2>\n\n<p>The Federal Court of Justice overturned  <a href=\"https:\/\/openjur.de\/u\/2545378.html\">Decision of 18.02.2026 -Az. II ZB 2\/25 <\/a>  annulled both preliminary rulings and referred the case back to the Hamburg Local Court. In its reasoning, it clarified several key legal issues. <\/p>\n\n<p>Firstly, the Federal Court of Justice clarified that the data subject does not have to have a &#8220;legal interest&#8221; in asserting the right to erasure under data protection law that goes beyond the requirements set out in the Regulation itself. The reasons for which the right to erasure is excluded are listed exhaustively in the GDPR. No further hurdles are to be recognized.  <\/p>\n\n<p>The lower court&#8217;s idea that a request for replacement would be of no legal interest because the same data is also available in other register folders was expressly rejected by the Federal Court of Justice. The aim of the right to erasure does not require that a personal date be removed from all storage sources at once. The purging of individual register folders alone reduces the risk of data being siphoned off through mass retrieval. Furthermore, informational self-determination is a fundamental right that allows the data subject to proceed selectively and only request erasure in relation to individual storage locations.   <\/p>\n\n<div class=\"wp-block-group v4-pattern-general-quote-box has-kpw-turquoise-background-color has-background has-global-padding is-layout-constrained wp-block-group-is-layout-constrained\" style=\"margin-top:var(--wp--preset--spacing--60);margin-bottom:var(--wp--preset--spacing--60)\">\n<blockquote class=\"wp-block-quote is-layout-flow wp-block-quote-is-layout-flow\" style=\"padding-right:var(--wp--preset--spacing--70);padding-left:var(--wp--preset--spacing--70)\">\n<p>The data subject can largely determine the scope of their right to erasure themselves, for example by restricting their request to certain data, types of data, but also to certain forms, purposes or parts of the processing.<\/p>\n<\/blockquote>\n<\/div>\n\n<h2 class=\"wp-block-heading\" id=\"h-warum-darf-das-registergericht-diese-daten-nicht-dauerhaft-speichern\">Why is the registry court not allowed to store this data permanently?<\/h2>\n\n<p>In this context, the Federal Court of Justice has decided a fundamental question of register law that has been controversial until now: Is there a general principle in commercial register law that requires all submitted documents to be stored permanently, even if they contain data that does not have to be entered?<\/p>\n\n<p>The court denies this. Private addresses and signatures of managing directors of a GmbH &amp; Co. KG are not part of the legally required registration details. The legislator has not prescribed their collection and thus made it clear that they are not required for the transparency and information function of the register. Data that goes beyond what is required by law is referred to by the Federal Court of Justice as &#8220;non-mandatory data&#8221;. There is no legal basis under data protection law for their permanent storage.    <\/p>\n\n<p>This is also not contradicted by the argument that the HGB requires the disclosure of &#8220;submitted documents&#8221;. The Federal Court of Justice interpreted this provision in accordance with European law. It covers the documents in their current form in the register folder, not necessarily the original documents in their original state. In addition, the legislator has created a regulation that expressly allows the exchange of documents in the register folder.   <\/p>\n\n<h2 class=\"wp-block-heading\" id=\"h-was-passiert-mit-den-originaldokumenten\">What happens to the original documents?<\/h2>\n\n<p>The Federal Court of Justice points out that the original documents are not destroyed by the exchange. They are transferred to the register file, which is not publicly accessible, while the corrected document is included in the register file with a reference to the exchange. The exchange process itself is permanently documented. Anyone who can assert a legitimate interest, for example in legal proceedings, can continue to request access to the register file. This preserves the register&#8217;s evidentiary function.    <\/p>\n\n<h2 class=\"wp-block-heading\" id=\"h-was-bedeutet-das-fur-betroffene-und-unternehmen\">What does this mean for those affected and for companies?<\/h2>\n\n<p>Managing directors, shareholders and other natural persons whose private addresses or handwritten signatures are contained in applications for entry in the commercial register can now request the exchange of the documents in question on the basis of this Federal Court of Justice ruling. The prerequisite is that the data is not part of the legally required registration details. <\/p>\n\n<p>Conversely, in future notaries can take care to avoid overly obligatory data from the outset when submitting applications: Private addresses can be replaced by business addresses, original signatures can be indicated by a &#8220;signed&#8221; note. The Notarization Act expressly permits this. <\/p>\n\n<h2 class=\"wp-block-heading\">Conclusion<\/h2>\n\n<div class=\"wp-block-columns v4-pattern-text-copy-half-col is-layout-flex wp-container-core-columns-is-layout-28f84493 wp-block-columns-is-layout-flex\">\n<div class=\"wp-block-column is-layout-flow wp-block-column-is-layout-flow\">\n<p>With this decision, the Federal Court of Justice has created legal certainty on an issue of practical relevance. According to this ruling, the removal of personal data submitted to the commercial register that goes beyond what is legally required can be demanded. There is no general principle in commercial register law that enforces the permanent storage of data that is not required by law. The following applies: no data storage without a legal basis, not even in the register.   <\/p>\n\n\n\n<p>The decision is likely to trigger a large number of similar applications and pose new practical challenges for register maintenance. It remains to be seen how and whether registry courts will react to the changed legal situation in the short term. <\/p>\n<\/div>\n\n\n\n<div class=\"wp-block-column is-layout-flow wp-block-column-is-layout-flow\">\n<div style=\"height:100px\" aria-hidden=\"true\" class=\"wp-block-spacer\"><\/div>\n<\/div>\n<\/div>\n\n<div class=\"wp-block-group alignwide has-global-padding is-layout-constrained wp-block-group-is-layout-constrained\" style=\"margin-top:var(--wp--preset--spacing--80);margin-bottom:var(--wp--preset--spacing--80)\">\n<div style=\"height:50px\" aria-hidden=\"true\" class=\"wp-block-spacer\"><\/div>\n\n\n\n<div class=\"wp-block-group alignwide v4-pattern-cta-box has-secondary-background-color has-background has-global-padding is-layout-constrained wp-container-core-group-is-layout-a7c0d175 wp-block-group-is-layout-constrained\" style=\"padding-top:0;padding-right:0;padding-bottom:0\">\n<div class=\"wp-block-columns alignwide are-vertically-aligned-top v4-pattern-cta-box__columns is-layout-flex wp-container-core-columns-is-layout-ec2e7a44 wp-block-columns-is-layout-flex\" style=\"padding-top:0;padding-bottom:0\">\n<div class=\"wp-block-column is-vertically-aligned-top v4-pattern-cta-box__columns-column is-layout-flow wp-container-core-column-is-layout-bce6ca70 wp-block-column-is-layout-flow\" style=\"padding-top:var(--wp--preset--spacing--50);padding-bottom:0;flex-basis:60%\">\n<div class=\"wp-block-group alignwide has-global-padding is-content-justification-right is-layout-constrained wp-container-core-group-is-layout-5c12a1d1 wp-block-group-is-layout-constrained\">\r\n<div id=\"multirow-headline-block_d4a2d5a573db8def505365d1f31f7fd2\" class=\"wp-block-visual4-multirow-headline alignwide\">\r\n    <div class=\"wp-block-visual4-multirow-headline\">\n\n<p class=\"has-text-align-left has-huge-font-size\" style=\"margin-top:0;margin-bottom:0;margin-left:0%;padding-top:0;padding-bottom:0;font-style:normal;font-weight:1000;line-height:1;text-transform:uppercase\">We are happy to<\/p>\n\n\n\n<p class=\"has-text-align-left has-x-large-font-size\" style=\"margin-top:0;margin-right:0;margin-bottom:0;margin-left:8%;padding-top:0;padding-bottom:0;font-style:normal;font-weight:1000;line-height:0.9;text-transform:uppercase\">advise you about<\/p>\n\n\n\n<p class=\"has-text-align-left has-huge-font-size\" style=\"margin-top:0;margin-right:0;margin-bottom:0;margin-left:0%;padding-top:0;padding-bottom:0;font-style:normal;font-weight:1000;line-height:0.9;text-transform:uppercase\">Data protection law!<\/p>\n\n<\/div> \r\n<\/div><\/div>\n\n\n\n<div class=\"wp-block-group is-nowrap is-layout-flex wp-container-core-group-is-layout-5c3c14bb wp-block-group-is-layout-flex\" style=\"margin-top:var(--wp--preset--spacing--30);margin-bottom:var(--wp--preset--spacing--30)\">\r\n\r\n<div class=\"wp-block-visual4-contact-modal__button\">\r\n            \r\n        <div class=\"wp-block-buttons is-layout-flex wp-block-buttons-is-layout-flex\">\r\n            \r\n\r\n<div class=\"wp-block-button v4-contact-modal-button is-style-fill\" style=\"font-style:normal;font-weight:600\" data-form-id=\"8\"><a class=\"wp-block-button__link has-contrast-color has-base-background-color has-text-color has-background has-link-color wp-element-button\">Contact form<\/a><\/div>\r\n\r\n        <\/div>\r\n        \r\n    <\/div>\n\n\n<div class=\"wp-block-buttons is-style-mobile-only is-content-justification-left is-layout-flex wp-container-core-buttons-is-layout-fc4fd283 wp-block-buttons-is-layout-flex\">\n<div class=\"wp-block-button is-style-arrow is-style-fill\"><a class=\"wp-block-button__link has-base-background-color has-background wp-element-button\" href=\"tel:4971141019030\" style=\"padding-right:var(--wp--preset--spacing--50);padding-left:var(--wp--preset--spacing--50);font-style:normal;font-weight:600\">Call now!<\/a><\/div>\n<\/div>\n<\/div>\n<\/div>\n\n\n\n<div class=\"wp-block-column is-vertically-aligned-top v4-pattern-cta-box__columns-column v4-pattern-cta-box__columns-column--image is-layout-flow wp-block-column-is-layout-flow\" style=\"flex-basis:40%\">\n<figure class=\"wp-block-image size-full v4-pattern-cta-box__columns-column__image\"><img decoding=\"async\" src=\"https:\/\/kpw.law\/wp-content\/themes\/kpw-law\/assets\/samples\/person-cropped.png\" alt=\"\" class=\"wp-image-23155\" \/><\/figure>\n<\/div>\n<\/div>\n<\/div>\n<\/div>\n","protected":false},"excerpt":{"rendered":"<p>Private addresses and signatures in the commercial register can be deleted upon request if there is no obligation to enter them.<\/p>\n","protected":false},"author":2,"featured_media":0,"comment_status":"closed","ping_status":"closed","sticky":false,"template":"","format":"standard","meta":{"_acf_changed":false,"inline_featured_image":false,"footnotes":""},"categories":[4904],"tags":[258,1997,6381,4123,1731,2229,262,1299],"thema":[],"rechtsgebiet":[4940],"produkt":[],"class_list":["post-32682","post","type-post","status-publish","format-standard","hentry","category-general","tag-datenschutz","tag-geschaeftsfuehrer","tag-handelsregister","tag-loeschung","tag-loeschung-von-daten","tag-loeschungsanspruch","tag-personenbezogene-daten","tag-privatsphaere","rechtsgebiet-data-protection-law"],"acf":[],"yoast_head":"<!-- This site is optimized with the Yoast SEO Premium plugin v27.3 (Yoast SEO v27.3) - https:\/\/yoast.com\/product\/yoast-seo-premium-wordpress\/ -->\n<title>Private address removed from the register<\/title>\n<meta name=\"description\" content=\"Private addresses and signatures in the commercial register can be deleted upon request if there is no obligation to enter them.\" \/>\n<meta name=\"robots\" content=\"index, follow, max-snippet:-1, max-image-preview:large, max-video-preview:-1\" \/>\n<link rel=\"canonical\" href=\"https:\/\/kpw.law\/en\/private-address-removed-from-the-register\/\" \/>\n<meta property=\"og:locale\" content=\"en_US\" \/>\n<meta property=\"og:type\" content=\"article\" \/>\n<meta property=\"og:title\" content=\"Private address removed from the register\" \/>\n<meta property=\"og:description\" content=\"Private addresses and signatures in the commercial register can be deleted upon request if there is no obligation to enter them.\" \/>\n<meta property=\"og:url\" content=\"https:\/\/kpw.law\/en\/private-address-removed-from-the-register\/\" \/>\n<meta property=\"og:site_name\" content=\"KPW Rechtsanw\u00e4lte und Fachanw\u00e4lte\" \/>\n<meta property=\"article:published_time\" content=\"2026-04-28T07:00:00+00:00\" \/>\n<meta property=\"article:modified_time\" content=\"2026-04-28T13:47:50+00:00\" \/>\n<meta property=\"og:image\" content=\"https:\/\/kpw.law\/wp-content\/uploads\/Branchen-scaled.avif\" \/>\n\t<meta property=\"og:image:width\" content=\"2560\" \/>\n\t<meta property=\"og:image:height\" content=\"1440\" \/>\n\t<meta property=\"og:image:type\" content=\"image\/jpeg\" \/>\n<meta name=\"author\" content=\"Clemens Pfitzer\" \/>\n<meta name=\"twitter:card\" content=\"summary_large_image\" \/>\n<meta name=\"twitter:creator\" content=\"@clemenspfitzer\" \/>\n<meta name=\"twitter:label1\" content=\"Written by\" \/>\n\t<meta name=\"twitter:data1\" content=\"Clemens Pfitzer\" \/>\n\t<meta name=\"twitter:label2\" content=\"Est. reading time\" \/>\n\t<meta name=\"twitter:data2\" content=\"5 minutes\" \/>\n<script type=\"application\/ld+json\" class=\"yoast-schema-graph\">{\"@context\":\"https:\\\/\\\/schema.org\",\"@graph\":[{\"@type\":[\"Article\",\"BlogPosting\"],\"@id\":\"https:\\\/\\\/kpw.law\\\/en\\\/private-address-removed-from-the-register\\\/#article\",\"isPartOf\":{\"@id\":\"https:\\\/\\\/kpw.law\\\/en\\\/private-address-removed-from-the-register\\\/\"},\"author\":{\"name\":\"Clemens Pfitzer\",\"@id\":\"https:\\\/\\\/kpw.law\\\/en\\\/#\\\/schema\\\/person\\\/bb7a5be61de17c2c027e254e249214bd\"},\"headline\":\"Private address removed from the register\",\"datePublished\":\"2026-04-28T07:00:00+00:00\",\"dateModified\":\"2026-04-28T13:47:50+00:00\",\"mainEntityOfPage\":{\"@id\":\"https:\\\/\\\/kpw.law\\\/en\\\/private-address-removed-from-the-register\\\/\"},\"wordCount\":1083,\"publisher\":{\"@id\":\"https:\\\/\\\/kpw.law\\\/en\\\/#organization\"},\"image\":{\"@id\":\"https:\\\/\\\/kpw.law\\\/en\\\/private-address-removed-from-the-register\\\/#primaryimage\"},\"thumbnailUrl\":\"https:\\\/\\\/kpw.law\\\/wp-content\\\/uploads\\\/Privatadresse-raus-aus-dem-Register-1024x585.jpg\",\"keywords\":[\"Datenschutz\",\"Gesch\u00e4ftsf\u00fchrer\",\"Handelsregister\",\"L\u00f6schung\",\"L\u00f6schung von Daten\",\"L\u00f6schungsanspruch\",\"personenbezogene Daten\",\"Privatsph\u00e4re\"],\"articleSection\":[\"General\"],\"inLanguage\":\"en-US\"},{\"@type\":\"WebPage\",\"@id\":\"https:\\\/\\\/kpw.law\\\/en\\\/private-address-removed-from-the-register\\\/\",\"url\":\"https:\\\/\\\/kpw.law\\\/en\\\/private-address-removed-from-the-register\\\/\",\"name\":\"Private address removed from the register\",\"isPartOf\":{\"@id\":\"https:\\\/\\\/kpw.law\\\/en\\\/#website\"},\"primaryImageOfPage\":{\"@id\":\"https:\\\/\\\/kpw.law\\\/en\\\/private-address-removed-from-the-register\\\/#primaryimage\"},\"image\":{\"@id\":\"https:\\\/\\\/kpw.law\\\/en\\\/private-address-removed-from-the-register\\\/#primaryimage\"},\"thumbnailUrl\":\"https:\\\/\\\/kpw.law\\\/wp-content\\\/uploads\\\/Privatadresse-raus-aus-dem-Register-1024x585.jpg\",\"datePublished\":\"2026-04-28T07:00:00+00:00\",\"dateModified\":\"2026-04-28T13:47:50+00:00\",\"description\":\"Private addresses and signatures in the commercial register can be deleted upon request if there is no obligation to enter them.\",\"breadcrumb\":{\"@id\":\"https:\\\/\\\/kpw.law\\\/en\\\/private-address-removed-from-the-register\\\/#breadcrumb\"},\"inLanguage\":\"en-US\",\"potentialAction\":[{\"@type\":\"ReadAction\",\"target\":[\"https:\\\/\\\/kpw.law\\\/en\\\/private-address-removed-from-the-register\\\/\"]}]},{\"@type\":\"ImageObject\",\"inLanguage\":\"en-US\",\"@id\":\"https:\\\/\\\/kpw.law\\\/en\\\/private-address-removed-from-the-register\\\/#primaryimage\",\"url\":\"https:\\\/\\\/kpw.law\\\/wp-content\\\/uploads\\\/Privatadresse-raus-aus-dem-Register-1024x585.jpg\",\"contentUrl\":\"https:\\\/\\\/kpw.law\\\/wp-content\\\/uploads\\\/Privatadresse-raus-aus-dem-Register-1024x585.jpg\"},{\"@type\":\"BreadcrumbList\",\"@id\":\"https:\\\/\\\/kpw.law\\\/en\\\/private-address-removed-from-the-register\\\/#breadcrumb\",\"itemListElement\":[{\"@type\":\"ListItem\",\"position\":1,\"name\":\"Startseite\",\"item\":\"https:\\\/\\\/kpw.law\\\/en\\\/\"},{\"@type\":\"ListItem\",\"position\":2,\"name\":\"Private address removed from the register\"}]},{\"@type\":\"WebSite\",\"@id\":\"https:\\\/\\\/kpw.law\\\/en\\\/#website\",\"url\":\"https:\\\/\\\/kpw.law\\\/en\\\/\",\"name\":\"KPW PartmbB \u2013 Rechtsanw\u00e4lte und Fachanw\u00e4lte\",\"description\":\"Rechtsanw\u00e4lte f\u00fcr IP- und IT-Recht\",\"publisher\":{\"@id\":\"https:\\\/\\\/kpw.law\\\/en\\\/#organization\"},\"alternateName\":\"kpw.law\",\"potentialAction\":[{\"@type\":\"SearchAction\",\"target\":{\"@type\":\"EntryPoint\",\"urlTemplate\":\"https:\\\/\\\/kpw.law\\\/en\\\/?s={search_term_string}\"},\"query-input\":{\"@type\":\"PropertyValueSpecification\",\"valueRequired\":true,\"valueName\":\"search_term_string\"}}],\"inLanguage\":\"en-US\"},{\"@type\":\"Organization\",\"@id\":\"https:\\\/\\\/kpw.law\\\/en\\\/#organization\",\"name\":\"KPW PartmbB\",\"alternateName\":\"KPW\",\"url\":\"https:\\\/\\\/kpw.law\\\/en\\\/\",\"logo\":{\"@type\":\"ImageObject\",\"inLanguage\":\"en-US\",\"@id\":\"https:\\\/\\\/kpw.law\\\/en\\\/#\\\/schema\\\/logo\\\/image\\\/\",\"url\":\"https:\\\/\\\/kpw.law\\\/wp-content\\\/uploads\\\/KPW400x400.jpg\",\"contentUrl\":\"https:\\\/\\\/kpw.law\\\/wp-content\\\/uploads\\\/KPW400x400.jpg\",\"width\":400,\"height\":400,\"caption\":\"KPW PartmbB\"},\"image\":{\"@id\":\"https:\\\/\\\/kpw.law\\\/en\\\/#\\\/schema\\\/logo\\\/image\\\/\"},\"sameAs\":[\"https:\\\/\\\/www.linkedin.com\\\/company\\\/kpw\"],\"description\":\"KPW ist eine auf IP und IT-Recht spezialisierte Kanzlei mit Rechts- und Fachanw\u00e4lten in Stuttgart. KPW ber\u00e4t Unternehmen in den Bereichen Wettbewerbsrecht, Markenrecht, Designrecht, Urheberrecht, IT-Recht, Patentrecht, Datenschutzrecht, E-Commerce und Know-How-Schutz.\",\"email\":\"info@kpw.law\",\"telephone\":\"+4971141019030\",\"legalName\":\"KPW PartmbB\",\"foundingDate\":\"2010-04-01\",\"vatID\":\"DE270757792\",\"duns\":\"341580247\",\"numberOfEmployees\":{\"@type\":\"QuantitativeValue\",\"minValue\":\"1\",\"maxValue\":\"10\"}},{\"@type\":\"Person\",\"@id\":\"https:\\\/\\\/kpw.law\\\/en\\\/#\\\/schema\\\/person\\\/bb7a5be61de17c2c027e254e249214bd\",\"name\":\"Clemens Pfitzer\",\"image\":{\"@type\":\"ImageObject\",\"inLanguage\":\"en-US\",\"@id\":\"https:\\\/\\\/secure.gravatar.com\\\/avatar\\\/dc1ba1c2897d08484345b3e1c9524bf03ed6b3ef6bf06ef8b3f8811c1fb6c38e?s=96&d=mm&r=g\",\"url\":\"https:\\\/\\\/secure.gravatar.com\\\/avatar\\\/dc1ba1c2897d08484345b3e1c9524bf03ed6b3ef6bf06ef8b3f8811c1fb6c38e?s=96&d=mm&r=g\",\"contentUrl\":\"https:\\\/\\\/secure.gravatar.com\\\/avatar\\\/dc1ba1c2897d08484345b3e1c9524bf03ed6b3ef6bf06ef8b3f8811c1fb6c38e?s=96&d=mm&r=g\",\"caption\":\"Clemens Pfitzer\"},\"description\":\"Rechtsanwalt, Fachanwalt f\u00fcr gewerblichen Rechtsschutz und Fachanwalt f\u00fcr IT-Recht, t\u00e4tig in den Bereichen Markenrecht, Wettbewerbsrecht, Urheberrecht, Designrecht, Know-How-Schutz, Patentrecht, IT-Recht, E-Commerce, Datenschutz\",\"sameAs\":[\"https:\\\/\\\/kpw.law\",\"https:\\\/\\\/www.linkedin.com\\\/in\\\/pfitzer\\\/\",\"https:\\\/\\\/x.com\\\/clemenspfitzer\"],\"gender\":\"m\u00e4nnlich\",\"knowsAbout\":[\"Markenrecht\",\"Wettbewerbsrecht\",\"Designrecht\",\"Urheberrecht\",\"E-Commerce\",\"Datenschutzrecht\",\"Patentrecht\",\"IT-Recht\",\"Softwarelizenzen\",\"Gesch\u00e4ftsgeheimnisse\"],\"knowsLanguage\":[\"Englisch\",\"Deutsch\"],\"jobTitle\":\"Rechtsanwalt, Fachanwalt f\u00fcr gewerblichen Rechtsschutz, Fachanwalt f\u00fcr IT-Recht\",\"worksFor\":\"KPW PartmbB\"}]}<\/script>\n<!-- \/ Yoast SEO Premium plugin. -->","yoast_head_json":{"title":"Private address removed from the register","description":"Private addresses and signatures in the commercial register can be deleted upon request if there is no obligation to enter them.","robots":{"index":"index","follow":"follow","max-snippet":"max-snippet:-1","max-image-preview":"max-image-preview:large","max-video-preview":"max-video-preview:-1"},"canonical":"https:\/\/kpw.law\/en\/private-address-removed-from-the-register\/","og_locale":"en_US","og_type":"article","og_title":"Private address removed from the register","og_description":"Private addresses and signatures in the commercial register can be deleted upon request if there is no obligation to enter them.","og_url":"https:\/\/kpw.law\/en\/private-address-removed-from-the-register\/","og_site_name":"KPW Rechtsanw\u00e4lte und Fachanw\u00e4lte","article_published_time":"2026-04-28T07:00:00+00:00","article_modified_time":"2026-04-28T13:47:50+00:00","og_image":[{"width":2560,"height":1440,"url":"https:\/\/kpw.law\/wp-content\/uploads\/Branchen-scaled.avif","type":"image\/jpeg"}],"author":"Clemens Pfitzer","twitter_card":"summary_large_image","twitter_creator":"@clemenspfitzer","twitter_misc":{"Written by":"Clemens Pfitzer","Est. reading time":"5 minutes"},"schema":{"@context":"https:\/\/schema.org","@graph":[{"@type":["Article","BlogPosting"],"@id":"https:\/\/kpw.law\/en\/private-address-removed-from-the-register\/#article","isPartOf":{"@id":"https:\/\/kpw.law\/en\/private-address-removed-from-the-register\/"},"author":{"name":"Clemens Pfitzer","@id":"https:\/\/kpw.law\/en\/#\/schema\/person\/bb7a5be61de17c2c027e254e249214bd"},"headline":"Private address removed from the register","datePublished":"2026-04-28T07:00:00+00:00","dateModified":"2026-04-28T13:47:50+00:00","mainEntityOfPage":{"@id":"https:\/\/kpw.law\/en\/private-address-removed-from-the-register\/"},"wordCount":1083,"publisher":{"@id":"https:\/\/kpw.law\/en\/#organization"},"image":{"@id":"https:\/\/kpw.law\/en\/private-address-removed-from-the-register\/#primaryimage"},"thumbnailUrl":"https:\/\/kpw.law\/wp-content\/uploads\/Privatadresse-raus-aus-dem-Register-1024x585.jpg","keywords":["Datenschutz","Gesch\u00e4ftsf\u00fchrer","Handelsregister","L\u00f6schung","L\u00f6schung von Daten","L\u00f6schungsanspruch","personenbezogene Daten","Privatsph\u00e4re"],"articleSection":["General"],"inLanguage":"en-US"},{"@type":"WebPage","@id":"https:\/\/kpw.law\/en\/private-address-removed-from-the-register\/","url":"https:\/\/kpw.law\/en\/private-address-removed-from-the-register\/","name":"Private address removed from the register","isPartOf":{"@id":"https:\/\/kpw.law\/en\/#website"},"primaryImageOfPage":{"@id":"https:\/\/kpw.law\/en\/private-address-removed-from-the-register\/#primaryimage"},"image":{"@id":"https:\/\/kpw.law\/en\/private-address-removed-from-the-register\/#primaryimage"},"thumbnailUrl":"https:\/\/kpw.law\/wp-content\/uploads\/Privatadresse-raus-aus-dem-Register-1024x585.jpg","datePublished":"2026-04-28T07:00:00+00:00","dateModified":"2026-04-28T13:47:50+00:00","description":"Private addresses and signatures in the commercial register can be deleted upon request if there is no obligation to enter them.","breadcrumb":{"@id":"https:\/\/kpw.law\/en\/private-address-removed-from-the-register\/#breadcrumb"},"inLanguage":"en-US","potentialAction":[{"@type":"ReadAction","target":["https:\/\/kpw.law\/en\/private-address-removed-from-the-register\/"]}]},{"@type":"ImageObject","inLanguage":"en-US","@id":"https:\/\/kpw.law\/en\/private-address-removed-from-the-register\/#primaryimage","url":"https:\/\/kpw.law\/wp-content\/uploads\/Privatadresse-raus-aus-dem-Register-1024x585.jpg","contentUrl":"https:\/\/kpw.law\/wp-content\/uploads\/Privatadresse-raus-aus-dem-Register-1024x585.jpg"},{"@type":"BreadcrumbList","@id":"https:\/\/kpw.law\/en\/private-address-removed-from-the-register\/#breadcrumb","itemListElement":[{"@type":"ListItem","position":1,"name":"Startseite","item":"https:\/\/kpw.law\/en\/"},{"@type":"ListItem","position":2,"name":"Private address removed from the register"}]},{"@type":"WebSite","@id":"https:\/\/kpw.law\/en\/#website","url":"https:\/\/kpw.law\/en\/","name":"KPW PartmbB \u2013 Rechtsanw\u00e4lte und Fachanw\u00e4lte","description":"Rechtsanw\u00e4lte f\u00fcr IP- und IT-Recht","publisher":{"@id":"https:\/\/kpw.law\/en\/#organization"},"alternateName":"kpw.law","potentialAction":[{"@type":"SearchAction","target":{"@type":"EntryPoint","urlTemplate":"https:\/\/kpw.law\/en\/?s={search_term_string}"},"query-input":{"@type":"PropertyValueSpecification","valueRequired":true,"valueName":"search_term_string"}}],"inLanguage":"en-US"},{"@type":"Organization","@id":"https:\/\/kpw.law\/en\/#organization","name":"KPW PartmbB","alternateName":"KPW","url":"https:\/\/kpw.law\/en\/","logo":{"@type":"ImageObject","inLanguage":"en-US","@id":"https:\/\/kpw.law\/en\/#\/schema\/logo\/image\/","url":"https:\/\/kpw.law\/wp-content\/uploads\/KPW400x400.jpg","contentUrl":"https:\/\/kpw.law\/wp-content\/uploads\/KPW400x400.jpg","width":400,"height":400,"caption":"KPW PartmbB"},"image":{"@id":"https:\/\/kpw.law\/en\/#\/schema\/logo\/image\/"},"sameAs":["https:\/\/www.linkedin.com\/company\/kpw"],"description":"KPW ist eine auf IP und IT-Recht spezialisierte Kanzlei mit Rechts- und Fachanw\u00e4lten in Stuttgart. KPW ber\u00e4t Unternehmen in den Bereichen Wettbewerbsrecht, Markenrecht, Designrecht, Urheberrecht, IT-Recht, Patentrecht, Datenschutzrecht, E-Commerce und Know-How-Schutz.","email":"info@kpw.law","telephone":"+4971141019030","legalName":"KPW PartmbB","foundingDate":"2010-04-01","vatID":"DE270757792","duns":"341580247","numberOfEmployees":{"@type":"QuantitativeValue","minValue":"1","maxValue":"10"}},{"@type":"Person","@id":"https:\/\/kpw.law\/en\/#\/schema\/person\/bb7a5be61de17c2c027e254e249214bd","name":"Clemens Pfitzer","image":{"@type":"ImageObject","inLanguage":"en-US","@id":"https:\/\/secure.gravatar.com\/avatar\/dc1ba1c2897d08484345b3e1c9524bf03ed6b3ef6bf06ef8b3f8811c1fb6c38e?s=96&d=mm&r=g","url":"https:\/\/secure.gravatar.com\/avatar\/dc1ba1c2897d08484345b3e1c9524bf03ed6b3ef6bf06ef8b3f8811c1fb6c38e?s=96&d=mm&r=g","contentUrl":"https:\/\/secure.gravatar.com\/avatar\/dc1ba1c2897d08484345b3e1c9524bf03ed6b3ef6bf06ef8b3f8811c1fb6c38e?s=96&d=mm&r=g","caption":"Clemens Pfitzer"},"description":"Rechtsanwalt, Fachanwalt f\u00fcr gewerblichen Rechtsschutz und Fachanwalt f\u00fcr IT-Recht, t\u00e4tig in den Bereichen Markenrecht, Wettbewerbsrecht, Urheberrecht, Designrecht, Know-How-Schutz, Patentrecht, IT-Recht, E-Commerce, Datenschutz","sameAs":["https:\/\/kpw.law","https:\/\/www.linkedin.com\/in\/pfitzer\/","https:\/\/x.com\/clemenspfitzer"],"gender":"m\u00e4nnlich","knowsAbout":["Markenrecht","Wettbewerbsrecht","Designrecht","Urheberrecht","E-Commerce","Datenschutzrecht","Patentrecht","IT-Recht","Softwarelizenzen","Gesch\u00e4ftsgeheimnisse"],"knowsLanguage":["Englisch","Deutsch"],"jobTitle":"Rechtsanwalt, Fachanwalt f\u00fcr gewerblichen Rechtsschutz, Fachanwalt f\u00fcr IT-Recht","worksFor":"KPW PartmbB"}]}},"_links":{"self":[{"href":"https:\/\/kpw.law\/en\/wp-json\/wp\/v2\/posts\/32682","targetHints":{"allow":["GET"]}}],"collection":[{"href":"https:\/\/kpw.law\/en\/wp-json\/wp\/v2\/posts"}],"about":[{"href":"https:\/\/kpw.law\/en\/wp-json\/wp\/v2\/types\/post"}],"author":[{"embeddable":true,"href":"https:\/\/kpw.law\/en\/wp-json\/wp\/v2\/users\/2"}],"replies":[{"embeddable":true,"href":"https:\/\/kpw.law\/en\/wp-json\/wp\/v2\/comments?post=32682"}],"version-history":[{"count":8,"href":"https:\/\/kpw.law\/en\/wp-json\/wp\/v2\/posts\/32682\/revisions"}],"predecessor-version":[{"id":32829,"href":"https:\/\/kpw.law\/en\/wp-json\/wp\/v2\/posts\/32682\/revisions\/32829"}],"wp:attachment":[{"href":"https:\/\/kpw.law\/en\/wp-json\/wp\/v2\/media?parent=32682"}],"wp:term":[{"taxonomy":"category","embeddable":true,"href":"https:\/\/kpw.law\/en\/wp-json\/wp\/v2\/categories?post=32682"},{"taxonomy":"post_tag","embeddable":true,"href":"https:\/\/kpw.law\/en\/wp-json\/wp\/v2\/tags?post=32682"},{"taxonomy":"thema","embeddable":true,"href":"https:\/\/kpw.law\/en\/wp-json\/wp\/v2\/thema?post=32682"},{"taxonomy":"rechtsgebiet","embeddable":true,"href":"https:\/\/kpw.law\/en\/wp-json\/wp\/v2\/rechtsgebiet?post=32682"},{"taxonomy":"produkt","embeddable":true,"href":"https:\/\/kpw.law\/en\/wp-json\/wp\/v2\/produkt?post=32682"}],"curies":[{"name":"wp","href":"https:\/\/api.w.org\/{rel}","templated":true}]}}