{"id":25764,"date":"2023-07-11T11:02:53","date_gmt":"2023-07-11T09:02:53","guid":{"rendered":"https:\/\/kpw-relaunch.wp1.visual4.com\/eu-us-data-privacy-framework-in-force\/"},"modified":"2023-07-11T11:02:53","modified_gmt":"2023-07-11T11:02:53","slug":"eu-us-data-privacy-framework-in-force","status":"publish","type":"post","link":"https:\/\/kpw.law\/en\/eu-us-data-privacy-framework-in-force\/","title":{"rendered":"EU-US Data Privacy Framework in force"},"content":{"rendered":"<p><strong>After Safe Harbor and Privacy Shield were overturned by the European Court of Justice years ago as the legal basis for the transfer of personal data to the USA, there is now a new approach to transatlantic data transfers: the EU-US Data Privacy Framework.<\/strong><\/p>\n<p><!--more--><\/p>\n<figure id=\"attachment_20041\" aria-describedby=\"caption-attachment-20041\" style=\"width: 412px\" class=\"wp-caption alignright\"><a href=\"https:\/\/kpw.law\/wp-content\/uploads\/2023\/07\/AdobeStock_223572692-scaled-e1689065766862.jpeg\"><img loading=\"lazy\" decoding=\"async\" class=\"wp-image-20041 size-full\" src=\"https:\/\/kpw.law\/wp-content\/uploads\/2023\/07\/AdobeStock_223572692-scaled-e1689065766862.jpeg\" alt=\"EU-US Data Privacy Framework Data Protection Attorney\" width=\"412\" height=\"275\"><\/a><figcaption id=\"caption-attachment-20041\" class=\"wp-caption-text\">\u00a9 NicoElNino &#8211; stock.adobe.com<\/figcaption><\/figure>\n<p>Almost every company is affected by transatlantic data transfers to the USA, as most of the major tech providers (such as Apple, Microsoft, Amazon, Google and Facebook) are based in the USA. Ever since the European Court of Justice first removed <a href=\"https:\/\/kpw.law\/2015\/10\/06\/safe-harbor-ist-am-ende\/\">Safe Harbor<\/a> and the subsequent <a href=\"https:\/\/kpw.law\/2020\/07\/16\/privacy-shield-ungueltig-standardvertragsklauseln-keine-alternative\/\">Privacy Shield<\/a> agreement as the basis for transatlantic data transfers of personal data, there has been a high level of legal uncertainty for many companies. At the same time, many companies were and are dependent on the transfer of personal data to the USA &#8211; often due to a lack of viable alternatives.  <\/p>\n<h2><strong>EU-US Data Privacy Framework<\/strong><\/h2>\n<p>With the EU-US Data Privacy Framework (EU-U.S. DPF), the EU and the USA are now making their third attempt at an agreement on the transfer of personal data between the EU and the USA. On July 10, 2023, the European Commission published its <a href=\"https:\/\/commission.europa.eu\/system\/files\/2023-07\/Adequacy%20decision%20EU-US%20Data%20Privacy%20Framework.pdf\">adequacy decision for the EU-US Data Privacy Framework<\/a>. This will now apply from 10.07.2023.  <\/p>\n<p>The adequacy decision concludes that the United States ensures an adequate level of protection for personal data transferred from the EU to U.S. companies participating in the EU-U.S. DPF compared to the EU.<\/p>\n<p>This means that there is once again a legal basis for companies to transfer data to the USA under these conditions.<\/p>\n<h2><strong>What is different about the EU-US Data Privacy Framework?<\/strong><\/h2>\n<p>A key element of the EU-U.S. DPF is the <a href=\"https:\/\/www.whitehouse.gov\/briefing-room\/statements-releases\/2022\/10\/07\/fact-sheet-president-biden-signs-executive-order-to-implement-the-european-union-u-s-data-privacy-framework\/\">Executive Order &#8220;Enhancing Safeguards for United States Signals Intelligence Activities&#8221;<\/a> signed by President Biden on October 7, 2022, which is accompanied by regulations issued by the U.S. Department of Justice. This is intended to address the concerns raised by the European Court of Justice in its rulings on Safe Harbor and Privacy Shield, also known as Schrems I and Schrems II. <\/p>\n<p>For EU citizens whose personal data is transferred to the USA, this Executive Order provides for the following:<\/p>\n<ul>\n<li>Binding guarantees that limit access to data by US intelligence agencies to what is necessary and proportionate to protect national security;<\/li>\n<li>Increased oversight of U.S. intelligence activities to ensure compliance with restrictions on surveillance activities;<\/li>\n<li>and the establishment of an independent and impartial redress mechanism, including a new Data Protection Review Tribunal, to investigate and adjudicate complaints about the US National Security Authorities&#8217; access to their data.<\/li>\n<\/ul>\n<p>In future, EU citizens will therefore be better protected from the collecting frenzy of American intelligence services and will also have the possibility of legal remedies.<\/p>\n<h2>Criticism<\/h2>\n<p>Max Schrems, who gave his name to the two CJEU decisions against the previous agreements, and noyb, for whom he works, <a href=\"https:\/\/noyb.eu\/de\/european-commission-gives-eu-us-data-transfers-third-round-cjeu\">are already warming up for a third case before the CJEU <\/a>. It is merely a copy of the Privacy Shield with purely cosmetic but not substantial changes.<\/p>\n<p>The main points of criticism are:<\/p>\n<ul>\n<li>The understanding of proportionality in the USA is completely different, as mass surveillance by US intelligence services is considered proportionate there.<\/li>\n<li>There is still no real legal remedy, as it is still not possible for EU citizens to go to real courts in the USA due to surveillance measures by the US intelligence services. The &#8220;court&#8221; that has now been set up is once again not a real court but is subordinate to the executive branch in the USA. <\/li>\n<li>It is also only an executive order on the part of the USA, not a formal law. The next president could therefore reverse this. <\/li>\n<\/ul>\n<h2>Conclusion<\/h2>\n<p>Despite all the (justified) criticism of the EU Commission&#8217;s adequacy decision on the EU-US Data Privacy Framework, this is currently a legal basis for companies to transfer data to the USA. You just have to be aware that this legal basis may be removed again in a Schrems III decision by the CJEU. Until then, however, it applies.  <\/p>\n","protected":false},"excerpt":{"rendered":"<p>After Safe Harbor and Privacy Shield were overturned by the European Court of Justice years ago as the legal basis for the transfer of personal&#8230;<\/p>\n","protected":false},"author":2,"featured_media":25766,"comment_status":"closed","ping_status":"closed","sticky":false,"template":"single-post-legacy","format":"standard","meta":{"_acf_changed":false,"inline_featured_image":false,"footnotes":""},"categories":[5308],"tags":[5110,5429,258,5430,5431,5428,5427,5432],"thema":[4926,4941,4925],"rechtsgebiet":[4940],"produkt":[4936,5007,4937,4912,4938],"class_list":["post-25764","post","type-post","status-publish","format-standard","has-post-thumbnail","hentry","category-legacy-en","tag-data-protection","tag-data-transfer","tag-datenschutz","tag-eu-commission","tag-eu-us-data-privacy-framework-en","tag-eu-us-privacy-shield-en","tag-safe-harbor-en","tag-schrems-en","thema-amazon-en","thema-data-protection","thema-google-en","rechtsgebiet-data-protection-law","produkt-advice-on-data-protection-law","produkt-e-commerce-consulting","produkt-external-data-protection-officer","produkt-online-advertising-consulting","produkt-social-media-consulting"],"acf":[],"yoast_head":"<!-- This site is optimized with the Yoast SEO Premium plugin v27.3 (Yoast SEO v27.3) - https:\/\/yoast.com\/product\/yoast-seo-premium-wordpress\/ -->\n<title>EU-US Data Privacy Framework - Data protection, attorney<\/title>\n<meta name=\"description\" content=\"Data transfers of personal data to the USA possible again through EU-US Data Privacy Framework following adequacy decision.\" \/>\n<meta name=\"robots\" content=\"index, follow, max-snippet:-1, max-image-preview:large, max-video-preview:-1\" \/>\n<link rel=\"canonical\" href=\"https:\/\/kpw.law\/en\/eu-us-data-privacy-framework-in-force\/\" \/>\n<meta property=\"og:locale\" content=\"en_US\" \/>\n<meta property=\"og:type\" content=\"article\" \/>\n<meta property=\"og:title\" content=\"EU-US Data Privacy Framework in force\" \/>\n<meta property=\"og:description\" content=\"Data transfers of personal data to the USA possible again through EU-US Data Privacy Framework following adequacy decision.\" \/>\n<meta property=\"og:url\" content=\"https:\/\/kpw.law\/en\/eu-us-data-privacy-framework-in-force\/\" \/>\n<meta property=\"og:site_name\" content=\"KPW Rechtsanw\u00e4lte und Fachanw\u00e4lte\" \/>\n<meta property=\"article:published_time\" content=\"2023-07-11T09:02:53+00:00\" \/>\n<meta property=\"article:modified_time\" content=\"2023-07-11T11:02:53+00:00\" \/>\n<meta property=\"og:image\" content=\"https:\/\/kpw.law\/wp-content\/uploads\/2023\/07\/AdobeStock_223572692-scaled-e1689065766862-1.jpeg\" \/>\n\t<meta property=\"og:image:width\" content=\"412\" \/>\n\t<meta property=\"og:image:height\" content=\"275\" \/>\n\t<meta property=\"og:image:type\" content=\"image\/jpeg\" \/>\n<meta name=\"author\" content=\"Clemens Pfitzer\" \/>\n<meta name=\"twitter:card\" content=\"summary_large_image\" \/>\n<meta name=\"twitter:creator\" content=\"@clemenspfitzer\" \/>\n<meta name=\"twitter:label1\" content=\"Written by\" \/>\n\t<meta name=\"twitter:data1\" content=\"Clemens Pfitzer\" \/>\n\t<meta name=\"twitter:label2\" content=\"Est. reading time\" \/>\n\t<meta name=\"twitter:data2\" content=\"3 minutes\" \/>\n<script type=\"application\/ld+json\" class=\"yoast-schema-graph\">{\"@context\":\"https:\\\/\\\/schema.org\",\"@graph\":[{\"@type\":[\"Article\",\"BlogPosting\"],\"@id\":\"https:\\\/\\\/kpw.law\\\/en\\\/eu-us-data-privacy-framework-in-force\\\/#article\",\"isPartOf\":{\"@id\":\"https:\\\/\\\/kpw.law\\\/en\\\/eu-us-data-privacy-framework-in-force\\\/\"},\"author\":{\"name\":\"Clemens Pfitzer\",\"@id\":\"https:\\\/\\\/kpw.law\\\/en\\\/#\\\/schema\\\/person\\\/bb7a5be61de17c2c027e254e249214bd\"},\"headline\":\"EU-US Data Privacy Framework in force\",\"datePublished\":\"2023-07-11T09:02:53+00:00\",\"dateModified\":\"2023-07-11T11:02:53+00:00\",\"mainEntityOfPage\":{\"@id\":\"https:\\\/\\\/kpw.law\\\/en\\\/eu-us-data-privacy-framework-in-force\\\/\"},\"wordCount\":685,\"publisher\":{\"@id\":\"https:\\\/\\\/kpw.law\\\/en\\\/#organization\"},\"image\":{\"@id\":\"https:\\\/\\\/kpw.law\\\/en\\\/eu-us-data-privacy-framework-in-force\\\/#primaryimage\"},\"thumbnailUrl\":\"https:\\\/\\\/kpw.law\\\/wp-content\\\/uploads\\\/2023\\\/07\\\/AdobeStock_223572692-scaled-e1689065766862-1.jpeg\",\"keywords\":[\"Data protection\",\"Data transfer\",\"Datenschutz\",\"EU Commission\",\"EU-US Data Privacy Framework\",\"EU-US Privacy Shield\",\"Safe Harbor\",\"Schrems\"],\"articleSection\":[\"Legacy\"],\"inLanguage\":\"en-US\"},{\"@type\":\"WebPage\",\"@id\":\"https:\\\/\\\/kpw.law\\\/en\\\/eu-us-data-privacy-framework-in-force\\\/\",\"url\":\"https:\\\/\\\/kpw.law\\\/en\\\/eu-us-data-privacy-framework-in-force\\\/\",\"name\":\"EU-US Data Privacy Framework - Data protection, attorney\",\"isPartOf\":{\"@id\":\"https:\\\/\\\/kpw.law\\\/en\\\/#website\"},\"primaryImageOfPage\":{\"@id\":\"https:\\\/\\\/kpw.law\\\/en\\\/eu-us-data-privacy-framework-in-force\\\/#primaryimage\"},\"image\":{\"@id\":\"https:\\\/\\\/kpw.law\\\/en\\\/eu-us-data-privacy-framework-in-force\\\/#primaryimage\"},\"thumbnailUrl\":\"https:\\\/\\\/kpw.law\\\/wp-content\\\/uploads\\\/2023\\\/07\\\/AdobeStock_223572692-scaled-e1689065766862-1.jpeg\",\"datePublished\":\"2023-07-11T09:02:53+00:00\",\"dateModified\":\"2023-07-11T11:02:53+00:00\",\"description\":\"Data transfers of personal data to the USA possible again through EU-US Data Privacy Framework following adequacy decision.\",\"breadcrumb\":{\"@id\":\"https:\\\/\\\/kpw.law\\\/en\\\/eu-us-data-privacy-framework-in-force\\\/#breadcrumb\"},\"inLanguage\":\"en-US\",\"potentialAction\":[{\"@type\":\"ReadAction\",\"target\":[\"https:\\\/\\\/kpw.law\\\/en\\\/eu-us-data-privacy-framework-in-force\\\/\"]}]},{\"@type\":\"ImageObject\",\"inLanguage\":\"en-US\",\"@id\":\"https:\\\/\\\/kpw.law\\\/en\\\/eu-us-data-privacy-framework-in-force\\\/#primaryimage\",\"url\":\"https:\\\/\\\/kpw.law\\\/wp-content\\\/uploads\\\/2023\\\/07\\\/AdobeStock_223572692-scaled-e1689065766862-1.jpeg\",\"contentUrl\":\"https:\\\/\\\/kpw.law\\\/wp-content\\\/uploads\\\/2023\\\/07\\\/AdobeStock_223572692-scaled-e1689065766862-1.jpeg\",\"width\":412,\"height\":275,\"caption\":\"\u00a9 NicoElNino - stock.adobe.com\"},{\"@type\":\"BreadcrumbList\",\"@id\":\"https:\\\/\\\/kpw.law\\\/en\\\/eu-us-data-privacy-framework-in-force\\\/#breadcrumb\",\"itemListElement\":[{\"@type\":\"ListItem\",\"position\":1,\"name\":\"Startseite\",\"item\":\"https:\\\/\\\/kpw.law\\\/en\\\/\"},{\"@type\":\"ListItem\",\"position\":2,\"name\":\"EU-US Data Privacy Framework in force\"}]},{\"@type\":\"WebSite\",\"@id\":\"https:\\\/\\\/kpw.law\\\/en\\\/#website\",\"url\":\"https:\\\/\\\/kpw.law\\\/en\\\/\",\"name\":\"KPW PartmbB \u2013 Rechtsanw\u00e4lte und Fachanw\u00e4lte\",\"description\":\"Rechtsanw\u00e4lte f\u00fcr IP- und IT-Recht\",\"publisher\":{\"@id\":\"https:\\\/\\\/kpw.law\\\/en\\\/#organization\"},\"alternateName\":\"kpw.law\",\"potentialAction\":[{\"@type\":\"SearchAction\",\"target\":{\"@type\":\"EntryPoint\",\"urlTemplate\":\"https:\\\/\\\/kpw.law\\\/en\\\/?s={search_term_string}\"},\"query-input\":{\"@type\":\"PropertyValueSpecification\",\"valueRequired\":true,\"valueName\":\"search_term_string\"}}],\"inLanguage\":\"en-US\"},{\"@type\":\"Organization\",\"@id\":\"https:\\\/\\\/kpw.law\\\/en\\\/#organization\",\"name\":\"KPW PartmbB\",\"alternateName\":\"KPW\",\"url\":\"https:\\\/\\\/kpw.law\\\/en\\\/\",\"logo\":{\"@type\":\"ImageObject\",\"inLanguage\":\"en-US\",\"@id\":\"https:\\\/\\\/kpw.law\\\/en\\\/#\\\/schema\\\/logo\\\/image\\\/\",\"url\":\"https:\\\/\\\/kpw.law\\\/wp-content\\\/uploads\\\/KPW400x400.jpg\",\"contentUrl\":\"https:\\\/\\\/kpw.law\\\/wp-content\\\/uploads\\\/KPW400x400.jpg\",\"width\":400,\"height\":400,\"caption\":\"KPW PartmbB\"},\"image\":{\"@id\":\"https:\\\/\\\/kpw.law\\\/en\\\/#\\\/schema\\\/logo\\\/image\\\/\"},\"sameAs\":[\"https:\\\/\\\/www.linkedin.com\\\/company\\\/kpw\"],\"description\":\"KPW ist eine auf IP und IT-Recht spezialisierte Kanzlei mit Rechts- und Fachanw\u00e4lten in Stuttgart. KPW ber\u00e4t Unternehmen in den Bereichen Wettbewerbsrecht, Markenrecht, Designrecht, Urheberrecht, IT-Recht, Patentrecht, Datenschutzrecht, E-Commerce und Know-How-Schutz.\",\"email\":\"info@kpw.law\",\"telephone\":\"+4971141019030\",\"legalName\":\"KPW PartmbB\",\"foundingDate\":\"2010-04-01\",\"vatID\":\"DE270757792\",\"duns\":\"341580247\",\"numberOfEmployees\":{\"@type\":\"QuantitativeValue\",\"minValue\":\"1\",\"maxValue\":\"10\"}},{\"@type\":\"Person\",\"@id\":\"https:\\\/\\\/kpw.law\\\/en\\\/#\\\/schema\\\/person\\\/bb7a5be61de17c2c027e254e249214bd\",\"name\":\"Clemens Pfitzer\",\"image\":{\"@type\":\"ImageObject\",\"inLanguage\":\"en-US\",\"@id\":\"https:\\\/\\\/secure.gravatar.com\\\/avatar\\\/dc1ba1c2897d08484345b3e1c9524bf03ed6b3ef6bf06ef8b3f8811c1fb6c38e?s=96&d=mm&r=g\",\"url\":\"https:\\\/\\\/secure.gravatar.com\\\/avatar\\\/dc1ba1c2897d08484345b3e1c9524bf03ed6b3ef6bf06ef8b3f8811c1fb6c38e?s=96&d=mm&r=g\",\"contentUrl\":\"https:\\\/\\\/secure.gravatar.com\\\/avatar\\\/dc1ba1c2897d08484345b3e1c9524bf03ed6b3ef6bf06ef8b3f8811c1fb6c38e?s=96&d=mm&r=g\",\"caption\":\"Clemens Pfitzer\"},\"description\":\"Rechtsanwalt, Fachanwalt f\u00fcr gewerblichen Rechtsschutz und Fachanwalt f\u00fcr IT-Recht, t\u00e4tig in den Bereichen Markenrecht, Wettbewerbsrecht, Urheberrecht, Designrecht, Know-How-Schutz, Patentrecht, IT-Recht, E-Commerce, Datenschutz\",\"sameAs\":[\"https:\\\/\\\/kpw.law\",\"https:\\\/\\\/www.linkedin.com\\\/in\\\/pfitzer\\\/\",\"https:\\\/\\\/x.com\\\/clemenspfitzer\"],\"gender\":\"m\u00e4nnlich\",\"knowsAbout\":[\"Markenrecht\",\"Wettbewerbsrecht\",\"Designrecht\",\"Urheberrecht\",\"E-Commerce\",\"Datenschutzrecht\",\"Patentrecht\",\"IT-Recht\",\"Softwarelizenzen\",\"Gesch\u00e4ftsgeheimnisse\"],\"knowsLanguage\":[\"Englisch\",\"Deutsch\"],\"jobTitle\":\"Rechtsanwalt, Fachanwalt f\u00fcr gewerblichen Rechtsschutz, Fachanwalt f\u00fcr IT-Recht\",\"worksFor\":\"KPW PartmbB\"}]}<\/script>\n<!-- \/ Yoast SEO Premium plugin. -->","yoast_head_json":{"title":"EU-US Data Privacy Framework - Data protection, attorney","description":"Data transfers of personal data to the USA possible again through EU-US Data Privacy Framework following adequacy decision.","robots":{"index":"index","follow":"follow","max-snippet":"max-snippet:-1","max-image-preview":"max-image-preview:large","max-video-preview":"max-video-preview:-1"},"canonical":"https:\/\/kpw.law\/en\/eu-us-data-privacy-framework-in-force\/","og_locale":"en_US","og_type":"article","og_title":"EU-US Data Privacy Framework in force","og_description":"Data transfers of personal data to the USA possible again through EU-US Data Privacy Framework following adequacy decision.","og_url":"https:\/\/kpw.law\/en\/eu-us-data-privacy-framework-in-force\/","og_site_name":"KPW Rechtsanw\u00e4lte und Fachanw\u00e4lte","article_published_time":"2023-07-11T09:02:53+00:00","article_modified_time":"2023-07-11T11:02:53+00:00","og_image":[{"width":412,"height":275,"url":"https:\/\/kpw.law\/wp-content\/uploads\/2023\/07\/AdobeStock_223572692-scaled-e1689065766862-1.jpeg","type":"image\/jpeg"}],"author":"Clemens Pfitzer","twitter_card":"summary_large_image","twitter_creator":"@clemenspfitzer","twitter_misc":{"Written by":"Clemens Pfitzer","Est. reading time":"3 minutes"},"schema":{"@context":"https:\/\/schema.org","@graph":[{"@type":["Article","BlogPosting"],"@id":"https:\/\/kpw.law\/en\/eu-us-data-privacy-framework-in-force\/#article","isPartOf":{"@id":"https:\/\/kpw.law\/en\/eu-us-data-privacy-framework-in-force\/"},"author":{"name":"Clemens Pfitzer","@id":"https:\/\/kpw.law\/en\/#\/schema\/person\/bb7a5be61de17c2c027e254e249214bd"},"headline":"EU-US Data Privacy Framework in force","datePublished":"2023-07-11T09:02:53+00:00","dateModified":"2023-07-11T11:02:53+00:00","mainEntityOfPage":{"@id":"https:\/\/kpw.law\/en\/eu-us-data-privacy-framework-in-force\/"},"wordCount":685,"publisher":{"@id":"https:\/\/kpw.law\/en\/#organization"},"image":{"@id":"https:\/\/kpw.law\/en\/eu-us-data-privacy-framework-in-force\/#primaryimage"},"thumbnailUrl":"https:\/\/kpw.law\/wp-content\/uploads\/2023\/07\/AdobeStock_223572692-scaled-e1689065766862-1.jpeg","keywords":["Data protection","Data transfer","Datenschutz","EU Commission","EU-US Data Privacy Framework","EU-US Privacy Shield","Safe Harbor","Schrems"],"articleSection":["Legacy"],"inLanguage":"en-US"},{"@type":"WebPage","@id":"https:\/\/kpw.law\/en\/eu-us-data-privacy-framework-in-force\/","url":"https:\/\/kpw.law\/en\/eu-us-data-privacy-framework-in-force\/","name":"EU-US Data Privacy Framework - Data protection, attorney","isPartOf":{"@id":"https:\/\/kpw.law\/en\/#website"},"primaryImageOfPage":{"@id":"https:\/\/kpw.law\/en\/eu-us-data-privacy-framework-in-force\/#primaryimage"},"image":{"@id":"https:\/\/kpw.law\/en\/eu-us-data-privacy-framework-in-force\/#primaryimage"},"thumbnailUrl":"https:\/\/kpw.law\/wp-content\/uploads\/2023\/07\/AdobeStock_223572692-scaled-e1689065766862-1.jpeg","datePublished":"2023-07-11T09:02:53+00:00","dateModified":"2023-07-11T11:02:53+00:00","description":"Data transfers of personal data to the USA possible again through EU-US Data Privacy Framework following adequacy decision.","breadcrumb":{"@id":"https:\/\/kpw.law\/en\/eu-us-data-privacy-framework-in-force\/#breadcrumb"},"inLanguage":"en-US","potentialAction":[{"@type":"ReadAction","target":["https:\/\/kpw.law\/en\/eu-us-data-privacy-framework-in-force\/"]}]},{"@type":"ImageObject","inLanguage":"en-US","@id":"https:\/\/kpw.law\/en\/eu-us-data-privacy-framework-in-force\/#primaryimage","url":"https:\/\/kpw.law\/wp-content\/uploads\/2023\/07\/AdobeStock_223572692-scaled-e1689065766862-1.jpeg","contentUrl":"https:\/\/kpw.law\/wp-content\/uploads\/2023\/07\/AdobeStock_223572692-scaled-e1689065766862-1.jpeg","width":412,"height":275,"caption":"\u00a9 NicoElNino - stock.adobe.com"},{"@type":"BreadcrumbList","@id":"https:\/\/kpw.law\/en\/eu-us-data-privacy-framework-in-force\/#breadcrumb","itemListElement":[{"@type":"ListItem","position":1,"name":"Startseite","item":"https:\/\/kpw.law\/en\/"},{"@type":"ListItem","position":2,"name":"EU-US Data Privacy Framework in force"}]},{"@type":"WebSite","@id":"https:\/\/kpw.law\/en\/#website","url":"https:\/\/kpw.law\/en\/","name":"KPW PartmbB \u2013 Rechtsanw\u00e4lte und Fachanw\u00e4lte","description":"Rechtsanw\u00e4lte f\u00fcr IP- und IT-Recht","publisher":{"@id":"https:\/\/kpw.law\/en\/#organization"},"alternateName":"kpw.law","potentialAction":[{"@type":"SearchAction","target":{"@type":"EntryPoint","urlTemplate":"https:\/\/kpw.law\/en\/?s={search_term_string}"},"query-input":{"@type":"PropertyValueSpecification","valueRequired":true,"valueName":"search_term_string"}}],"inLanguage":"en-US"},{"@type":"Organization","@id":"https:\/\/kpw.law\/en\/#organization","name":"KPW PartmbB","alternateName":"KPW","url":"https:\/\/kpw.law\/en\/","logo":{"@type":"ImageObject","inLanguage":"en-US","@id":"https:\/\/kpw.law\/en\/#\/schema\/logo\/image\/","url":"https:\/\/kpw.law\/wp-content\/uploads\/KPW400x400.jpg","contentUrl":"https:\/\/kpw.law\/wp-content\/uploads\/KPW400x400.jpg","width":400,"height":400,"caption":"KPW PartmbB"},"image":{"@id":"https:\/\/kpw.law\/en\/#\/schema\/logo\/image\/"},"sameAs":["https:\/\/www.linkedin.com\/company\/kpw"],"description":"KPW ist eine auf IP und IT-Recht spezialisierte Kanzlei mit Rechts- und Fachanw\u00e4lten in Stuttgart. KPW ber\u00e4t Unternehmen in den Bereichen Wettbewerbsrecht, Markenrecht, Designrecht, Urheberrecht, IT-Recht, Patentrecht, Datenschutzrecht, E-Commerce und Know-How-Schutz.","email":"info@kpw.law","telephone":"+4971141019030","legalName":"KPW PartmbB","foundingDate":"2010-04-01","vatID":"DE270757792","duns":"341580247","numberOfEmployees":{"@type":"QuantitativeValue","minValue":"1","maxValue":"10"}},{"@type":"Person","@id":"https:\/\/kpw.law\/en\/#\/schema\/person\/bb7a5be61de17c2c027e254e249214bd","name":"Clemens Pfitzer","image":{"@type":"ImageObject","inLanguage":"en-US","@id":"https:\/\/secure.gravatar.com\/avatar\/dc1ba1c2897d08484345b3e1c9524bf03ed6b3ef6bf06ef8b3f8811c1fb6c38e?s=96&d=mm&r=g","url":"https:\/\/secure.gravatar.com\/avatar\/dc1ba1c2897d08484345b3e1c9524bf03ed6b3ef6bf06ef8b3f8811c1fb6c38e?s=96&d=mm&r=g","contentUrl":"https:\/\/secure.gravatar.com\/avatar\/dc1ba1c2897d08484345b3e1c9524bf03ed6b3ef6bf06ef8b3f8811c1fb6c38e?s=96&d=mm&r=g","caption":"Clemens Pfitzer"},"description":"Rechtsanwalt, Fachanwalt f\u00fcr gewerblichen Rechtsschutz und Fachanwalt f\u00fcr IT-Recht, t\u00e4tig in den Bereichen Markenrecht, Wettbewerbsrecht, Urheberrecht, Designrecht, Know-How-Schutz, Patentrecht, IT-Recht, E-Commerce, Datenschutz","sameAs":["https:\/\/kpw.law","https:\/\/www.linkedin.com\/in\/pfitzer\/","https:\/\/x.com\/clemenspfitzer"],"gender":"m\u00e4nnlich","knowsAbout":["Markenrecht","Wettbewerbsrecht","Designrecht","Urheberrecht","E-Commerce","Datenschutzrecht","Patentrecht","IT-Recht","Softwarelizenzen","Gesch\u00e4ftsgeheimnisse"],"knowsLanguage":["Englisch","Deutsch"],"jobTitle":"Rechtsanwalt, Fachanwalt f\u00fcr gewerblichen Rechtsschutz, Fachanwalt f\u00fcr IT-Recht","worksFor":"KPW PartmbB"}]}},"_links":{"self":[{"href":"https:\/\/kpw.law\/en\/wp-json\/wp\/v2\/posts\/25764","targetHints":{"allow":["GET"]}}],"collection":[{"href":"https:\/\/kpw.law\/en\/wp-json\/wp\/v2\/posts"}],"about":[{"href":"https:\/\/kpw.law\/en\/wp-json\/wp\/v2\/types\/post"}],"author":[{"embeddable":true,"href":"https:\/\/kpw.law\/en\/wp-json\/wp\/v2\/users\/2"}],"replies":[{"embeddable":true,"href":"https:\/\/kpw.law\/en\/wp-json\/wp\/v2\/comments?post=25764"}],"version-history":[{"count":0,"href":"https:\/\/kpw.law\/en\/wp-json\/wp\/v2\/posts\/25764\/revisions"}],"wp:featuredmedia":[{"embeddable":true,"href":"https:\/\/kpw.law\/en\/wp-json\/wp\/v2\/media\/25766"}],"wp:attachment":[{"href":"https:\/\/kpw.law\/en\/wp-json\/wp\/v2\/media?parent=25764"}],"wp:term":[{"taxonomy":"category","embeddable":true,"href":"https:\/\/kpw.law\/en\/wp-json\/wp\/v2\/categories?post=25764"},{"taxonomy":"post_tag","embeddable":true,"href":"https:\/\/kpw.law\/en\/wp-json\/wp\/v2\/tags?post=25764"},{"taxonomy":"thema","embeddable":true,"href":"https:\/\/kpw.law\/en\/wp-json\/wp\/v2\/thema?post=25764"},{"taxonomy":"rechtsgebiet","embeddable":true,"href":"https:\/\/kpw.law\/en\/wp-json\/wp\/v2\/rechtsgebiet?post=25764"},{"taxonomy":"produkt","embeddable":true,"href":"https:\/\/kpw.law\/en\/wp-json\/wp\/v2\/produkt?post=25764"}],"curies":[{"name":"wp","href":"https:\/\/api.w.org\/{rel}","templated":true}]}}